{"id":93,"date":"2018-06-18T15:31:10","date_gmt":"2018-06-18T12:31:10","guid":{"rendered":"http:\/\/ylojarvendemarit.fi\/blogi\/?p=93"},"modified":"2019-01-21T12:58:04","modified_gmt":"2019-01-21T10:58:04","slug":"nain-jain-demarinaiseksi","status":"publish","type":"post","link":"http:\/\/ylojarvendemarit.fi\/blogi\/nain-jain-demarinaiseksi\/","title":{"rendered":"N\u00e4in j\u00e4in demarinaiseksi"},"content":{"rendered":"<h2>Osa 2<\/h2>\n<p><span style=\"font-size: medium;\"><a href=\"http:\/\/ylojarvendemarit.fi\/blogi\/kuinka-minusta-tuli-demarinainen-osa-1\/\">Edellisess\u00e4 jutussa<\/a> kerroin taustaa t\u00e4lle naiseudelleni. Kun demariudessani olin p\u00e4\u00e4ssyt alkua pitemm\u00e4lle eli ensimm\u00e4inen kunnallivaaliehdokkuus varmistettu syksyn 1984 vaaleihin alkoikin uudenlainen myllerrys el\u00e4m\u00e4ss\u00e4ni.<\/span><\/p>\n<p>Ensimm\u00e4inen vaalitulos oli vaatimaton, mutta ensikertalaiselle kannustava.<\/p>\n<p><!--more--><\/p>\n<p>Kannustavia taustajoukkoja l\u00f6ytyi konkareista ja kotiv\u00e4est\u00e4. Ensimm\u00e4iset luottamustoimipaikat olivat maaseutulautakunnassa?! Kaupunkilaistyt\u00f6lle (80-luvulla sallittiin tyt\u00f6ttely) maatalouden p\u00e4ssinpitodirektiivit tai peltojen pinta-alakertoimet olivat uutta luettavaa ja p\u00e4\u00e4t\u00f6ksenteko \u2026 en sano mit\u00e4\u00e4n. Verotuksen valituslautakunnan j\u00e4senen\u00e4kin olin yhden kauden. J\u00e4senyys puolueessa ja toimiminen ammattiliiton sihteerin\u00e4 poiki edustuksia my\u00f6s ammattiliiton demariryhm\u00e4ss\u00e4.<\/p>\n<p>Ty\u00f6paikallani Ylisen keskuslaitoksessa oli er\u00e4\u00e4n\u00e4 esimiehen\u00e4ni kaikkein tuntema Blomin Leena (t\u00e4n\u00e4\u00e4n tunnetaan Joensivun Leenana)<br \/>\nJosku vet\u00e4ydyimme asukkaan tyhj\u00e4\u00e4n huoneeseen ja supisimme kunnallispoliittisia asioita kahden kesken. Er\u00e4\u00e4n keskustelun aikana Leena p\u00e4\u00e4sti haaveensa ulos: \u201dP\u00e4\u00e4sisink\u00f6h\u00e4n kunnanhallitukseen?\u201d P\u00e4\u00e4sih\u00e4n Leena hallitukseen ja monen muunkin haastavan ja vaativan teht\u00e4v\u00e4n vet\u00e4j\u00e4ksi.<br \/>\nNiit\u00e4 teht\u00e4vi\u00e4 Leena harjoitteli ty\u00f6paikalla. Esimerkiksi n\u00e4in: \u201dKattoikkunat pit\u00e4is` pest\u00e4. Menn\u00e4\u00e4s peseen ne nyt.\u201d Ja niin sinne osaston katolle kiipesi melkein koko henkil\u00f6kunta luutut k\u00e4dess\u00e4\u00e4n.<\/p>\n<p>Kattoikkunat tulivat puhtaiksi. Min\u00e4 j\u00e4in jumpittelemaan tikapuitten juurelle. Osaan joskus sanoa:\u201dEi sovi mulle!\u201d<br \/>\nKunnallisvaaleissa olin ehdokkaana muutaman kerran. Valtuustopaikkaa ei herunut.<br \/>\nErilaissa lautakunnissa sain olla, milloin \u201dtissidirektiivivalittuna\u201d, milloin muuten.<br \/>\nVaikuttamiseni lautakunnissa oli hyvin v\u00e4h\u00e4ist\u00e4 kun en omaa sanovaa puhelahjaa.<br \/>\nEl\u00e4kkeelle j\u00e4\u00e4ty\u00e4ni 2005 j\u00e4tinkin kaikki kunnalliset luottamustoimeni puheliaimpien huomaan.<\/p>\n<p>Er\u00e4isiin vaaleihin saatiin Voionmaan Opiston Kauko Kumpulaiselta esitteentekoapua. Opiston pihalla ammattikuvaaja otti kuvia ja Kaukon avustuksella laaditttiin mainokset.<\/p>\n<p>Pinot mainoksia jaettiin ymp\u00e4ri kuntaa ja keskustan kerrostaloihin. Tuli vaalip\u00e4iv\u00e4 ja sen j\u00e4lkeen analyysit alueittain. Niin siin\u00e4 k\u00e4vi, ett\u00e4 keskustan kerrostaloalueelta en saanut ainoatakaan \u00e4\u00e4nt\u00e4. Hm, vaikka oli hyv\u00e4 kuva mainoksessa\u2026 Ei se p\u00e4\u00e4m\u00e4\u00e4r\u00e4 mutta liike&#8230;<br \/>\nVaality\u00f6 kaikissa vaaleissa on ollut antoisaa. Voionmaan Opiston kellarissa liimattiin mainokset kehyksiin ja pystytettiin korkeitten lumihankien p\u00e4\u00e4lle tienvieriin. Posket pysyiv\u00e4t innosta punaisina.<\/p>\n<p>Vaikka luottamustoimet ovat j\u00e4\u00e4neet, ei demarinaiseus ole mihink\u00e4\u00e4n kadonnut. Seuraan aktiivisesti yhteiskunnallista keskustelua ja olen mukana El\u00e4kkeensaajien Yl\u00f6j\u00e4rven yhdistyksen toiminnassa.<\/p>\n<p>Moro!<\/p>\n<p><em>Yhteisty\u00f6terveisin <strong>Halmeen Tarja<\/strong>, Ylisen suunnalta<\/em><\/p>\n<p>&nbsp;<\/p>\n","protected":false},"excerpt":{"rendered":"<p>Osa 2 Edellisess\u00e4 jutussa kerroin taustaa t\u00e4lle naiseudelleni. Kun demariudessani olin p\u00e4\u00e4ssyt alkua pitemm\u00e4lle eli ensimm\u00e4inen kunnallivaaliehdokkuus varmistettu syksyn 1984 vaaleihin alkoikin uudenlainen myllerrys el\u00e4m\u00e4ss\u00e4ni. Ensimm\u00e4inen vaalitulos oli vaatimaton, mutta ensikertalaiselle kannustava.<\/p>\n","protected":false},"author":7,"featured_media":94,"comment_status":"open","ping_status":"open","sticky":false,"template":"","format":"standard","meta":[],"categories":[6,1],"tags":[14],"yoast_head":"<!-- This site is optimized with the Yoast SEO plugin v15.9 - https:\/\/yoast.com\/wordpress\/plugins\/seo\/ -->\n<title>N\u00e4in j\u00e4in demarinaiseksi &ndash; Juttuliiteri<\/title>\n<meta name=\"robots\" content=\"index, follow, max-snippet:-1, max-image-preview:large, max-video-preview:-1\" \/>\n<link rel=\"canonical\" href=\"http:\/\/ylojarvendemarit.fi\/blogi\/nain-jain-demarinaiseksi\/\" \/>\n<meta property=\"og:locale\" content=\"fi_FI\" \/>\n<meta property=\"og:type\" content=\"article\" \/>\n<meta property=\"og:title\" content=\"N\u00e4in j\u00e4in demarinaiseksi &ndash; Juttuliiteri\" \/>\n<meta property=\"og:description\" content=\"Osa 2 Edellisess\u00e4 jutussa kerroin taustaa t\u00e4lle naiseudelleni. Kun demariudessani olin p\u00e4\u00e4ssyt alkua pitemm\u00e4lle eli ensimm\u00e4inen kunnallivaaliehdokkuus varmistettu syksyn 1984 vaaleihin alkoikin uudenlainen myllerrys el\u00e4m\u00e4ss\u00e4ni. Ensimm\u00e4inen vaalitulos oli vaatimaton, mutta ensikertalaiselle kannustava.\" \/>\n<meta property=\"og:url\" content=\"http:\/\/ylojarvendemarit.fi\/blogi\/nain-jain-demarinaiseksi\/\" \/>\n<meta property=\"og:site_name\" content=\"Juttuliiteri\" \/>\n<meta property=\"article:publisher\" content=\"https:\/\/www.facebook.com\/Yl%c3%b6j%c3%a4rven-demarit-985780778136959\/\" \/>\n<meta property=\"article:published_time\" content=\"2018-06-18T12:31:10+00:00\" \/>\n<meta property=\"article:modified_time\" content=\"2019-01-21T10:58:04+00:00\" \/>\n<meta property=\"og:image\" content=\"http:\/\/ylojarvendemarit.fi\/blogi\/wp-content\/uploads\/2018\/06\/TarjaHalmeSDP.jpg\" \/>\n\t<meta property=\"og:image:width\" content=\"854\" \/>\n\t<meta property=\"og:image:height\" content=\"395\" \/>\n<meta name=\"twitter:card\" content=\"summary_large_image\" \/>\n<meta name=\"twitter:label1\" content=\"Est. reading time\">\n\t<meta name=\"twitter:data1\" content=\"2 minuuttia\">\n<script type=\"application\/ld+json\" class=\"yoast-schema-graph\">{\"@context\":\"https:\/\/schema.org\",\"@graph\":[{\"@type\":\"WebSite\",\"@id\":\"http:\/\/ylojarvendemarit.fi\/blogi\/#website\",\"url\":\"http:\/\/ylojarvendemarit.fi\/blogi\/\",\"name\":\"Juttuliiteri\",\"description\":\"Demarien arjen ajatuksia\",\"potentialAction\":[{\"@type\":\"SearchAction\",\"target\":\"http:\/\/ylojarvendemarit.fi\/blogi\/?s={search_term_string}\",\"query-input\":\"required name=search_term_string\"}],\"inLanguage\":\"fi\"},{\"@type\":\"ImageObject\",\"@id\":\"http:\/\/ylojarvendemarit.fi\/blogi\/nain-jain-demarinaiseksi\/#primaryimage\",\"inLanguage\":\"fi\",\"url\":\"http:\/\/ylojarvendemarit.fi\/blogi\/wp-content\/uploads\/2018\/06\/TarjaHalmeSDP.jpg\",\"width\":854,\"height\":395,\"caption\":\"Tarja Halme SDP\"},{\"@type\":\"WebPage\",\"@id\":\"http:\/\/ylojarvendemarit.fi\/blogi\/nain-jain-demarinaiseksi\/#webpage\",\"url\":\"http:\/\/ylojarvendemarit.fi\/blogi\/nain-jain-demarinaiseksi\/\",\"name\":\"N\\u00e4in j\\u00e4in demarinaiseksi &ndash; Juttuliiteri\",\"isPartOf\":{\"@id\":\"http:\/\/ylojarvendemarit.fi\/blogi\/#website\"},\"primaryImageOfPage\":{\"@id\":\"http:\/\/ylojarvendemarit.fi\/blogi\/nain-jain-demarinaiseksi\/#primaryimage\"},\"datePublished\":\"2018-06-18T12:31:10+00:00\",\"dateModified\":\"2019-01-21T10:58:04+00:00\",\"author\":{\"@id\":\"http:\/\/ylojarvendemarit.fi\/blogi\/#\/schema\/person\/8b387f61d34e43308399bd1d5128430b\"},\"breadcrumb\":{\"@id\":\"http:\/\/ylojarvendemarit.fi\/blogi\/nain-jain-demarinaiseksi\/#breadcrumb\"},\"inLanguage\":\"fi\",\"potentialAction\":[{\"@type\":\"ReadAction\",\"target\":[\"http:\/\/ylojarvendemarit.fi\/blogi\/nain-jain-demarinaiseksi\/\"]}]},{\"@type\":\"BreadcrumbList\",\"@id\":\"http:\/\/ylojarvendemarit.fi\/blogi\/nain-jain-demarinaiseksi\/#breadcrumb\",\"itemListElement\":[{\"@type\":\"ListItem\",\"position\":1,\"item\":{\"@type\":\"WebPage\",\"@id\":\"http:\/\/ylojarvendemarit.fi\/blogi\/\",\"url\":\"http:\/\/ylojarvendemarit.fi\/blogi\/\",\"name\":\"Home\"}},{\"@type\":\"ListItem\",\"position\":2,\"item\":{\"@type\":\"WebPage\",\"@id\":\"http:\/\/ylojarvendemarit.fi\/blogi\/nain-jain-demarinaiseksi\/\",\"url\":\"http:\/\/ylojarvendemarit.fi\/blogi\/nain-jain-demarinaiseksi\/\",\"name\":\"N\\u00e4in j\\u00e4in demarinaiseksi\"}}]},{\"@type\":\"Person\",\"@id\":\"http:\/\/ylojarvendemarit.fi\/blogi\/#\/schema\/person\/8b387f61d34e43308399bd1d5128430b\",\"name\":\"Tarja Halme\",\"image\":{\"@type\":\"ImageObject\",\"@id\":\"http:\/\/ylojarvendemarit.fi\/blogi\/#personlogo\",\"inLanguage\":\"fi\",\"url\":\"http:\/\/1.gravatar.com\/avatar\/4adcca49b3b1e5a08ac202f5d5a9e688?s=96&d=mm&r=g\",\"caption\":\"Tarja Halme\"}}]}<\/script>\n<!-- \/ Yoast SEO plugin. -->","_links":{"self":[{"href":"http:\/\/ylojarvendemarit.fi\/blogi\/wp-json\/wp\/v2\/posts\/93"}],"collection":[{"href":"http:\/\/ylojarvendemarit.fi\/blogi\/wp-json\/wp\/v2\/posts"}],"about":[{"href":"http:\/\/ylojarvendemarit.fi\/blogi\/wp-json\/wp\/v2\/types\/post"}],"author":[{"embeddable":true,"href":"http:\/\/ylojarvendemarit.fi\/blogi\/wp-json\/wp\/v2\/users\/7"}],"replies":[{"embeddable":true,"href":"http:\/\/ylojarvendemarit.fi\/blogi\/wp-json\/wp\/v2\/comments?post=93"}],"version-history":[{"count":3,"href":"http:\/\/ylojarvendemarit.fi\/blogi\/wp-json\/wp\/v2\/posts\/93\/revisions"}],"predecessor-version":[{"id":97,"href":"http:\/\/ylojarvendemarit.fi\/blogi\/wp-json\/wp\/v2\/posts\/93\/revisions\/97"}],"wp:featuredmedia":[{"embeddable":true,"href":"http:\/\/ylojarvendemarit.fi\/blogi\/wp-json\/wp\/v2\/media\/94"}],"wp:attachment":[{"href":"http:\/\/ylojarvendemarit.fi\/blogi\/wp-json\/wp\/v2\/media?parent=93"}],"wp:term":[{"taxonomy":"category","embeddable":true,"href":"http:\/\/ylojarvendemarit.fi\/blogi\/wp-json\/wp\/v2\/categories?post=93"},{"taxonomy":"post_tag","embeddable":true,"href":"http:\/\/ylojarvendemarit.fi\/blogi\/wp-json\/wp\/v2\/tags?post=93"}],"curies":[{"name":"wp","href":"https:\/\/api.w.org\/{rel}","templated":true}]}}