{"id":90,"date":"2018-05-25T17:38:58","date_gmt":"2018-05-25T14:38:58","guid":{"rendered":"http:\/\/ylojarvendemarit.fi\/blogi\/?p=90"},"modified":"2019-01-21T13:08:20","modified_gmt":"2019-01-21T11:08:20","slug":"matkailua-ja-retkeilya","status":"publish","type":"post","link":"http:\/\/ylojarvendemarit.fi\/blogi\/matkailua-ja-retkeilya\/","title":{"rendered":"Matkailua ja retkeily\u00e4"},"content":{"rendered":"<p class=\"p2\">Matkailu ja retkeily ovat kuuluneet harrastuksiini oikeastaan koko el\u00e4m\u00e4ni ajan. Matkailuun sain ensikosketukseni jo \u00e4idinmaidossa, sill\u00e4 \u00e4itini ty\u00f6skenteli matkatoimistovirkailijana legendaarisessa Arean matkatoimistossa ja olinpa siell\u00e4 itsekin &#8221;tsupparina&#8221; vuoden ylioppilaskirjoitusten j\u00e4lkeen.<\/p>\n<p><!--more--><\/p>\n<p class=\"p2\">Parhaimpiin matkamuistoihin kuuluvat kolme interrail-matkaa, jotka tein parikymppisen\u00e4 silloisen poikayst\u00e4v\u00e4ni ja nykyisen mieheni kanssa. Kuukausi ulkomailla vei mit\u00e4 mielenkiintoisimpiin paikkoihin, kun matkasuunnitelmat vaihtuivat lennossa erilaisten sattumusten kautta. N\u00e4m\u00e4 matkat ovat varmasti eniten avartaneet maailmankuvaani, sill\u00e4 matkustaessa tapasi &#8221;paikkakuntalaisten&#8221; lis\u00e4ksi my\u00f6s muita matkalaisia ymp\u00e4ri maailman.<\/p>\n<p class=\"p2\">Yll\u00e4tt\u00e4vin maa mink\u00e4 interreilatessa koin oli Unkari. Valtion omistama Ibuz-matkailutoimisto koordinoi ja j\u00e4rjesti majoittumista ihmisten koteihin samaan tapaan kuin t\u00e4n\u00e4 p\u00e4iv\u00e4n\u00e4 erilaiset sovellukset tarjoavat majoitusta verkossa. Mieleenpainuvinta Unkarissa oli ihmisten l\u00e4mmin suhtautuminen suomalaisiin. En itse ollut ajatellut, ett\u00e4 olisimme heimokansaa. T\u00e4\u00e4ll\u00e4 ollessamme matkustimme maaseudulla traktorin lavalla hein\u00e4kuorman p\u00e4\u00e4ll\u00e4 ja tuntemattomat ihmiset kutsuivat meit\u00e4 omiin koteihinsa illanviettoon heid\u00e4n kanssaan.<\/p>\n<p class=\"p2\">Olen usein kuullut kysymyksen, miten sinulla on varaa matkustaa? Olen sit\u00e4 joskus itsekin ihmetellyt. Koska matkustellut olen aina, huolimatta pienist\u00e4 tuloista ja keskiluokkaisuudestani. Ehk\u00e4 olen tinkinyt jostain muusta, itselleni v\u00e4hemm\u00e4n t\u00e4rke\u00e4st\u00e4 asiasta.<\/p>\n<p class=\"p2\">Ainoastaan silloin, kun kaikki kolme lastani olivat teini-i\u00e4ss\u00e4 lukuisine harrastuksineen, matkailu ei ollut muutamaan vuoteen mahdollista taloudellisista syist\u00e4.<\/p>\n<p class=\"p2\">Ja jos ei ole varaa matkailla, niin aina voi retkeill\u00e4. Juuri eilen retkeilimme mieheni ja yst\u00e4v\u00e4pariskunnan kanssa upealla Kintulammen luonnonsuojelualueella. Se sijaitsee noin puolen tunnin ajomatkan p\u00e4\u00e4ss\u00e4, Teiskossa. Polut, opasteet, pitkospuut ym. fasiliteetit olivat kaikki kunnostettu viimeisen p\u00e4\u00e4lle ja jokainen laavukin uudentyyppist\u00e4 luontoarkkitehtuuria. N\u00e4ki, ett\u00e4 kaikki oli tehty luontoa kunnioittaen.<\/p>\n<p class=\"p2\">Yl\u00f6j\u00e4rvell\u00e4 viime vuosien ehdoton suosikkikohde on ollut Pikku-Ahvenisto, jossa olemme perhepiiriss\u00e4 retkeilleet jo lukuisia kertoja uusimman tulokkaan, 3-vuotiaan lapsenlapsen kanssa kaikkina vuodeaikoina. Talvella retkeilless\u00e4 kannattaa ottaa pulkka mukaan, sill\u00e4 nuotiopaikalle viett\u00e4v\u00e4 puuton luonnonrinne tarjoaa mahtavan liukum\u00e4en. Kev\u00e4\u00e4ll\u00e4 taas kutevien sammakkojen m\u00e4\u00e4r\u00e4 on uskomaton. Toivottavasti muistamme pit\u00e4\u00e4 t\u00e4st\u00e4 Yl\u00f6j\u00e4rven retkeilyn &#8221;helmest\u00e4&#8221; hyv\u00e4\u00e4 huolta jatkossakin, sill\u00e4 ulkoilijoita siell\u00e4 on liikkeell\u00e4 aina runsain mitoin, etenkin lapsiperheit\u00e4.<\/p>\n<p class=\"p2\">Matkaillessa ja retkeilless\u00e4 n\u00e4kee ja kokee uutta, paitsi kohteesta ja muista ihmisist\u00e4, niin my\u00f6s itsest\u00e4\u00e4n. Ongelmanratkaisutaidot kehittyv\u00e4t ja ep\u00e4varmuuden sieto kasvaa, kun l\u00e4htee uusiin ympyr\u00f6ihin ja tuntemattomalle maaper\u00e4lle. Suosittelen l\u00e4mpim\u00e4sti kaikille!<\/p>\n<p class=\"p2\"><strong>Minna M\u00e4kinen<\/strong>,<br \/>\nDemari, valtuutettu<\/p>\n","protected":false},"excerpt":{"rendered":"<p>Matkailu ja retkeily ovat kuuluneet harrastuksiini oikeastaan koko el\u00e4m\u00e4ni ajan. Matkailuun sain ensikosketukseni jo \u00e4idinmaidossa, sill\u00e4 \u00e4itini ty\u00f6skenteli matkatoimistovirkailijana legendaarisessa Arean matkatoimistossa ja olinpa siell\u00e4 itsekin &#8221;tsupparina&#8221; vuoden ylioppilaskirjoitusten j\u00e4lkeen.<\/p>\n","protected":false},"author":9,"featured_media":0,"comment_status":"open","ping_status":"open","sticky":false,"template":"","format":"standard","meta":[],"categories":[6],"tags":[9,14],"yoast_head":"<!-- This site is optimized with the Yoast SEO plugin v15.9 - https:\/\/yoast.com\/wordpress\/plugins\/seo\/ -->\n<title>Matkailua ja retkeily\u00e4 &ndash; Juttuliiteri<\/title>\n<meta name=\"robots\" content=\"index, follow, max-snippet:-1, max-image-preview:large, max-video-preview:-1\" \/>\n<link rel=\"canonical\" href=\"http:\/\/ylojarvendemarit.fi\/blogi\/matkailua-ja-retkeilya\/\" \/>\n<meta property=\"og:locale\" content=\"fi_FI\" \/>\n<meta property=\"og:type\" content=\"article\" \/>\n<meta property=\"og:title\" content=\"Matkailua ja retkeily\u00e4 &ndash; Juttuliiteri\" \/>\n<meta property=\"og:description\" content=\"Matkailu ja retkeily ovat kuuluneet harrastuksiini oikeastaan koko el\u00e4m\u00e4ni ajan. Matkailuun sain ensikosketukseni jo \u00e4idinmaidossa, sill\u00e4 \u00e4itini ty\u00f6skenteli matkatoimistovirkailijana legendaarisessa Arean matkatoimistossa ja olinpa siell\u00e4 itsekin &#8221;tsupparina&#8221; vuoden ylioppilaskirjoitusten j\u00e4lkeen.\" \/>\n<meta property=\"og:url\" content=\"http:\/\/ylojarvendemarit.fi\/blogi\/matkailua-ja-retkeilya\/\" \/>\n<meta property=\"og:site_name\" content=\"Juttuliiteri\" \/>\n<meta property=\"article:publisher\" content=\"https:\/\/www.facebook.com\/Yl%c3%b6j%c3%a4rven-demarit-985780778136959\/\" \/>\n<meta property=\"article:published_time\" content=\"2018-05-25T14:38:58+00:00\" \/>\n<meta property=\"article:modified_time\" content=\"2019-01-21T11:08:20+00:00\" \/>\n<meta name=\"twitter:card\" content=\"summary_large_image\" \/>\n<meta name=\"twitter:label1\" content=\"Est. reading time\">\n\t<meta name=\"twitter:data1\" content=\"2 minuuttia\">\n<script type=\"application\/ld+json\" class=\"yoast-schema-graph\">{\"@context\":\"https:\/\/schema.org\",\"@graph\":[{\"@type\":\"WebSite\",\"@id\":\"http:\/\/ylojarvendemarit.fi\/blogi\/#website\",\"url\":\"http:\/\/ylojarvendemarit.fi\/blogi\/\",\"name\":\"Juttuliiteri\",\"description\":\"Demarien arjen ajatuksia\",\"potentialAction\":[{\"@type\":\"SearchAction\",\"target\":\"http:\/\/ylojarvendemarit.fi\/blogi\/?s={search_term_string}\",\"query-input\":\"required name=search_term_string\"}],\"inLanguage\":\"fi\"},{\"@type\":\"WebPage\",\"@id\":\"http:\/\/ylojarvendemarit.fi\/blogi\/matkailua-ja-retkeilya\/#webpage\",\"url\":\"http:\/\/ylojarvendemarit.fi\/blogi\/matkailua-ja-retkeilya\/\",\"name\":\"Matkailua ja retkeily\\u00e4 &ndash; Juttuliiteri\",\"isPartOf\":{\"@id\":\"http:\/\/ylojarvendemarit.fi\/blogi\/#website\"},\"datePublished\":\"2018-05-25T14:38:58+00:00\",\"dateModified\":\"2019-01-21T11:08:20+00:00\",\"author\":{\"@id\":\"http:\/\/ylojarvendemarit.fi\/blogi\/#\/schema\/person\/6b15210dbaa22fe08c2d0be3e841ecbc\"},\"breadcrumb\":{\"@id\":\"http:\/\/ylojarvendemarit.fi\/blogi\/matkailua-ja-retkeilya\/#breadcrumb\"},\"inLanguage\":\"fi\",\"potentialAction\":[{\"@type\":\"ReadAction\",\"target\":[\"http:\/\/ylojarvendemarit.fi\/blogi\/matkailua-ja-retkeilya\/\"]}]},{\"@type\":\"BreadcrumbList\",\"@id\":\"http:\/\/ylojarvendemarit.fi\/blogi\/matkailua-ja-retkeilya\/#breadcrumb\",\"itemListElement\":[{\"@type\":\"ListItem\",\"position\":1,\"item\":{\"@type\":\"WebPage\",\"@id\":\"http:\/\/ylojarvendemarit.fi\/blogi\/\",\"url\":\"http:\/\/ylojarvendemarit.fi\/blogi\/\",\"name\":\"Home\"}},{\"@type\":\"ListItem\",\"position\":2,\"item\":{\"@type\":\"WebPage\",\"@id\":\"http:\/\/ylojarvendemarit.fi\/blogi\/matkailua-ja-retkeilya\/\",\"url\":\"http:\/\/ylojarvendemarit.fi\/blogi\/matkailua-ja-retkeilya\/\",\"name\":\"Matkailua ja retkeily\\u00e4\"}}]},{\"@type\":\"Person\",\"@id\":\"http:\/\/ylojarvendemarit.fi\/blogi\/#\/schema\/person\/6b15210dbaa22fe08c2d0be3e841ecbc\",\"name\":\"Minna M\\u00e4kinen\",\"image\":{\"@type\":\"ImageObject\",\"@id\":\"http:\/\/ylojarvendemarit.fi\/blogi\/#personlogo\",\"inLanguage\":\"fi\",\"url\":\"http:\/\/2.gravatar.com\/avatar\/eb2ffa1653efc147b535c1ddcb996783?s=96&d=mm&r=g\",\"caption\":\"Minna M\\u00e4kinen\"}}]}<\/script>\n<!-- \/ Yoast SEO plugin. -->","_links":{"self":[{"href":"http:\/\/ylojarvendemarit.fi\/blogi\/wp-json\/wp\/v2\/posts\/90"}],"collection":[{"href":"http:\/\/ylojarvendemarit.fi\/blogi\/wp-json\/wp\/v2\/posts"}],"about":[{"href":"http:\/\/ylojarvendemarit.fi\/blogi\/wp-json\/wp\/v2\/types\/post"}],"author":[{"embeddable":true,"href":"http:\/\/ylojarvendemarit.fi\/blogi\/wp-json\/wp\/v2\/users\/9"}],"replies":[{"embeddable":true,"href":"http:\/\/ylojarvendemarit.fi\/blogi\/wp-json\/wp\/v2\/comments?post=90"}],"version-history":[{"count":2,"href":"http:\/\/ylojarvendemarit.fi\/blogi\/wp-json\/wp\/v2\/posts\/90\/revisions"}],"predecessor-version":[{"id":92,"href":"http:\/\/ylojarvendemarit.fi\/blogi\/wp-json\/wp\/v2\/posts\/90\/revisions\/92"}],"wp:attachment":[{"href":"http:\/\/ylojarvendemarit.fi\/blogi\/wp-json\/wp\/v2\/media?parent=90"}],"wp:term":[{"taxonomy":"category","embeddable":true,"href":"http:\/\/ylojarvendemarit.fi\/blogi\/wp-json\/wp\/v2\/categories?post=90"},{"taxonomy":"post_tag","embeddable":true,"href":"http:\/\/ylojarvendemarit.fi\/blogi\/wp-json\/wp\/v2\/tags?post=90"}],"curies":[{"name":"wp","href":"https:\/\/api.w.org\/{rel}","templated":true}]}}