{"id":84,"date":"2018-05-14T11:55:19","date_gmt":"2018-05-14T08:55:19","guid":{"rendered":"http:\/\/ylojarvendemarit.fi\/blogi\/?p=84"},"modified":"2019-01-21T12:59:14","modified_gmt":"2019-01-21T10:59:14","slug":"kuinka-minusta-tuli-demarinainen-osa-1","status":"publish","type":"post","link":"http:\/\/ylojarvendemarit.fi\/blogi\/kuinka-minusta-tuli-demarinainen-osa-1\/","title":{"rendered":"Kuinka minusta tuli demarinainen, osa 1"},"content":{"rendered":"<p>Aivan ensimm\u00e4iseksi tahdon jne, muistattehan kuolemattoman demarikiitosaloituksen muutaman vuoden takaa?<\/p>\n<p><!--more--><\/p>\n<p>Siis aivan ensimm\u00e4iseksi palautan omaankin muistiini miksi ja kuinka minusta tuli \u201ddemarinainen\u201d. Siin\u00e4 k\u00e4vi niin, pari v\u00e4rv\u00e4ri\u00e4- Vuorim\u00e4en Seppo ja Virtasen Eero &#8211; tulivat kotiimme er\u00e4\u00e4n\u00e4 perjantai-iltana maaliskuussa 1984 kun oli siivoukset kesken ja tuolitkin nostettu nurinniskoin p\u00f6yd\u00e4n p\u00e4\u00e4lle. Tulivat tarjoamaan liittymist\u00e4 puolueen j\u00e4seneksi. Siin\u00e4 siivous\u00e4mp\u00e4rin vieress\u00e4 seisoma-asennossa allekirjoitin j\u00e4senyyssuostumuksen. Saman toimen teki puolisokin. J\u00e4senkorteissa on merkint\u00e4 01.04.1984.<\/p>\n<blockquote><p>\u201dEih\u00e4n minua kukaan tunne!\u201d<\/p><\/blockquote>\n<p>Ei se keskustelu t\u00e4h\u00e4n p\u00e4\u00e4ttynyt. V\u00e4rv\u00e4rit jatkoivat keskustelua kertomalla syksyn kunnallisvaaleista. Eip\u00e4 aikaakaan kun pyysiv\u00e4t asettumaan ehdokkaaksi. Olin ymm\u00e4ll\u00e4ni! \u201dEih\u00e4n minua kukaan tunne!\u201d<\/p>\n<p>Minut oli valittu edellisen\u00e4 syksyn\u00e4 silloisen ty\u00f6paikkani Ylisen Keskuslaitoksen KTV:n ammattiosaston toimikuntaan ja sihteerin teht\u00e4v\u00e4\u00e4n. Se oli syy miksi ajattelivat ehdokkuuteni innostavan ty\u00f6paikkani ihmisi\u00e4 \u00e4\u00e4nest\u00e4jiksi kun on v\u00e4h\u00e4n tutumpi ehdokas. Kiinnostukseni kunnalliseen p\u00e4\u00e4t\u00f6ksentekoon her\u00e4si syvemmin jo 1975 kun perheemme suunnitteli omakotitalon rakentamista.<\/p>\n<p>Silloin kuljin kunnan p\u00e4\u00e4tt\u00e4jien luona anomassa milloin asuntolainaa, milloin rakennuslupaa. Usein oli vaippaik\u00e4inen lapsi k\u00e4sivarrella ja loput nyhj\u00e4\u00e4m\u00e4ss\u00e4 vieress\u00e4. Peltomaan Kaukon huoneessa -nyt puretussa teknisess\u00e4 toimistossa &#8211; allekirjoitin lupahakemuksia ja v\u00e4lill\u00e4 ty\u00f6nsin tuttia lapsen suuhun.<\/p>\n<p>Samoihin aikoihin her\u00e4si kiinnostukseni yleisemmin yhteiskunnan rakenteisiin ja niihin ilmi\u00f6ihin, kuinka poliittinen p\u00e4\u00e4t\u00f6ksenteko vaikuttaa ihmisten, erityisesti perheiden hyvinvointiin. 70-luvulla oli joka kodissa tietosanakirjasarjoja, niin meill\u00e4kin. (Per\u00e4ss\u00e4yhiiht\u00e4j\u00e4n imagolla viel\u00e4 tuon kuvan aikoina mentiin.)<\/p>\n<p>Jonkun kirjan takasivuilla oli kirjoitettuna kaikkien silloisten puolueiden periaateohjelmat. Luin niit\u00e4 tarkasti l\u00e4pi ja lyhyen ep\u00e4r\u00f6innin j\u00e4lkeen p\u00e4\u00e4tin, ett\u00e4 sosialidemokraattinen ajatusmaailma on se, mik\u00e4 my\u00f6s minulle kuuluu. Aiemmin olin haihatellut ruiskukkien joukkoon, mutta keskustelut<br \/>\npuolison kanssa saivat minut toisiin ajatuksiin. Puolison karjalainen evakkoperhe oli aatemaailmaltaan sosialidemokraattinen, my\u00f6s is\u00e4ni perhe oli Karjalan evakkoja ja ukki Myttysen tuolilla oli lapsuuteni aikana aina Kansan Lehti jonka sivuilta opin tavaamaan. Is\u00e4ni oli VR:ll\u00e4 kondukt\u00f6\u00f6rin\u00e4, VR:n henki taisi olla sosialidemokraatteihin kallistuvaa, \u00e4itini ty\u00f6 oli kenk\u00e4tehtaassa, siell\u00e4 henki oli radikaalimpaa, eli Vappumarssit mentiin toisenlaisen punalipun alla.<\/p>\n<p>Vaikka lapsuudenkodissani \u201dtiedostettiin\u201d, ei kotiv\u00e4ki ollut aktiivisesti mukana politiikassa, evakkojen mukaanp\u00e4\u00e4sy ison kaupungin p\u00e4\u00e4t\u00f6ksentekoon taisi olla sotien j\u00e4lkeen l\u00e4hes mahdotonta.<\/p>\n<p>Oho, nyt luvatut kirjoitusmerkit loppuivat, jatketaan jos saan lis\u00e4\u00e4 optioita. No kuka se min\u00e4 olen?<\/p>\n<p><strong>Halmeen Tarja<\/strong>,<br \/>\nYlisen suunnalta<\/p>\n","protected":false},"excerpt":{"rendered":"<p>Aivan ensimm\u00e4iseksi tahdon jne, muistattehan kuolemattoman demarikiitosaloituksen muutaman vuoden takaa?<\/p>\n","protected":false},"author":7,"featured_media":85,"comment_status":"open","ping_status":"open","sticky":false,"template":"","format":"standard","meta":[],"categories":[6],"tags":[13,14],"yoast_head":"<!-- This site is optimized with the Yoast SEO plugin v15.9 - https:\/\/yoast.com\/wordpress\/plugins\/seo\/ -->\n<title>Kuinka minusta tuli demarinainen, osa 1 &ndash; Juttuliiteri<\/title>\n<meta name=\"robots\" content=\"index, follow, max-snippet:-1, max-image-preview:large, max-video-preview:-1\" \/>\n<link rel=\"canonical\" href=\"http:\/\/ylojarvendemarit.fi\/blogi\/kuinka-minusta-tuli-demarinainen-osa-1\/\" \/>\n<meta property=\"og:locale\" content=\"fi_FI\" \/>\n<meta property=\"og:type\" content=\"article\" \/>\n<meta property=\"og:title\" content=\"Kuinka minusta tuli demarinainen, osa 1 &ndash; Juttuliiteri\" \/>\n<meta property=\"og:description\" content=\"Aivan ensimm\u00e4iseksi tahdon jne, muistattehan kuolemattoman demarikiitosaloituksen muutaman vuoden takaa?\" \/>\n<meta property=\"og:url\" content=\"http:\/\/ylojarvendemarit.fi\/blogi\/kuinka-minusta-tuli-demarinainen-osa-1\/\" \/>\n<meta property=\"og:site_name\" content=\"Juttuliiteri\" \/>\n<meta property=\"article:publisher\" content=\"https:\/\/www.facebook.com\/Yl%c3%b6j%c3%a4rven-demarit-985780778136959\/\" \/>\n<meta property=\"article:published_time\" content=\"2018-05-14T08:55:19+00:00\" \/>\n<meta property=\"article:modified_time\" content=\"2019-01-21T10:59:14+00:00\" \/>\n<meta property=\"og:image\" content=\"http:\/\/ylojarvendemarit.fi\/blogi\/wp-content\/uploads\/2018\/05\/Juttulaariin10_kuva.jpg\" \/>\n\t<meta property=\"og:image:width\" content=\"549\" \/>\n\t<meta property=\"og:image:height\" content=\"671\" \/>\n<meta name=\"twitter:card\" content=\"summary_large_image\" \/>\n<meta name=\"twitter:label1\" content=\"Est. reading time\">\n\t<meta name=\"twitter:data1\" content=\"2 minuuttia\">\n<script type=\"application\/ld+json\" class=\"yoast-schema-graph\">{\"@context\":\"https:\/\/schema.org\",\"@graph\":[{\"@type\":\"WebSite\",\"@id\":\"http:\/\/ylojarvendemarit.fi\/blogi\/#website\",\"url\":\"http:\/\/ylojarvendemarit.fi\/blogi\/\",\"name\":\"Juttuliiteri\",\"description\":\"Demarien arjen ajatuksia\",\"potentialAction\":[{\"@type\":\"SearchAction\",\"target\":\"http:\/\/ylojarvendemarit.fi\/blogi\/?s={search_term_string}\",\"query-input\":\"required name=search_term_string\"}],\"inLanguage\":\"fi\"},{\"@type\":\"ImageObject\",\"@id\":\"http:\/\/ylojarvendemarit.fi\/blogi\/kuinka-minusta-tuli-demarinainen-osa-1\/#primaryimage\",\"inLanguage\":\"fi\",\"url\":\"http:\/\/ylojarvendemarit.fi\/blogi\/wp-content\/uploads\/2018\/05\/Juttulaariin10_kuva.jpg\",\"width\":549,\"height\":671,\"caption\":\"Kuinka minusta tuli demarinainen, osa 1\"},{\"@type\":\"WebPage\",\"@id\":\"http:\/\/ylojarvendemarit.fi\/blogi\/kuinka-minusta-tuli-demarinainen-osa-1\/#webpage\",\"url\":\"http:\/\/ylojarvendemarit.fi\/blogi\/kuinka-minusta-tuli-demarinainen-osa-1\/\",\"name\":\"Kuinka minusta tuli demarinainen, osa 1 &ndash; Juttuliiteri\",\"isPartOf\":{\"@id\":\"http:\/\/ylojarvendemarit.fi\/blogi\/#website\"},\"primaryImageOfPage\":{\"@id\":\"http:\/\/ylojarvendemarit.fi\/blogi\/kuinka-minusta-tuli-demarinainen-osa-1\/#primaryimage\"},\"datePublished\":\"2018-05-14T08:55:19+00:00\",\"dateModified\":\"2019-01-21T10:59:14+00:00\",\"author\":{\"@id\":\"http:\/\/ylojarvendemarit.fi\/blogi\/#\/schema\/person\/8b387f61d34e43308399bd1d5128430b\"},\"breadcrumb\":{\"@id\":\"http:\/\/ylojarvendemarit.fi\/blogi\/kuinka-minusta-tuli-demarinainen-osa-1\/#breadcrumb\"},\"inLanguage\":\"fi\",\"potentialAction\":[{\"@type\":\"ReadAction\",\"target\":[\"http:\/\/ylojarvendemarit.fi\/blogi\/kuinka-minusta-tuli-demarinainen-osa-1\/\"]}]},{\"@type\":\"BreadcrumbList\",\"@id\":\"http:\/\/ylojarvendemarit.fi\/blogi\/kuinka-minusta-tuli-demarinainen-osa-1\/#breadcrumb\",\"itemListElement\":[{\"@type\":\"ListItem\",\"position\":1,\"item\":{\"@type\":\"WebPage\",\"@id\":\"http:\/\/ylojarvendemarit.fi\/blogi\/\",\"url\":\"http:\/\/ylojarvendemarit.fi\/blogi\/\",\"name\":\"Home\"}},{\"@type\":\"ListItem\",\"position\":2,\"item\":{\"@type\":\"WebPage\",\"@id\":\"http:\/\/ylojarvendemarit.fi\/blogi\/kuinka-minusta-tuli-demarinainen-osa-1\/\",\"url\":\"http:\/\/ylojarvendemarit.fi\/blogi\/kuinka-minusta-tuli-demarinainen-osa-1\/\",\"name\":\"Kuinka minusta tuli demarinainen, osa 1\"}}]},{\"@type\":\"Person\",\"@id\":\"http:\/\/ylojarvendemarit.fi\/blogi\/#\/schema\/person\/8b387f61d34e43308399bd1d5128430b\",\"name\":\"Tarja Halme\",\"image\":{\"@type\":\"ImageObject\",\"@id\":\"http:\/\/ylojarvendemarit.fi\/blogi\/#personlogo\",\"inLanguage\":\"fi\",\"url\":\"http:\/\/1.gravatar.com\/avatar\/4adcca49b3b1e5a08ac202f5d5a9e688?s=96&d=mm&r=g\",\"caption\":\"Tarja Halme\"}}]}<\/script>\n<!-- \/ Yoast SEO plugin. -->","_links":{"self":[{"href":"http:\/\/ylojarvendemarit.fi\/blogi\/wp-json\/wp\/v2\/posts\/84"}],"collection":[{"href":"http:\/\/ylojarvendemarit.fi\/blogi\/wp-json\/wp\/v2\/posts"}],"about":[{"href":"http:\/\/ylojarvendemarit.fi\/blogi\/wp-json\/wp\/v2\/types\/post"}],"author":[{"embeddable":true,"href":"http:\/\/ylojarvendemarit.fi\/blogi\/wp-json\/wp\/v2\/users\/7"}],"replies":[{"embeddable":true,"href":"http:\/\/ylojarvendemarit.fi\/blogi\/wp-json\/wp\/v2\/comments?post=84"}],"version-history":[{"count":4,"href":"http:\/\/ylojarvendemarit.fi\/blogi\/wp-json\/wp\/v2\/posts\/84\/revisions"}],"predecessor-version":[{"id":89,"href":"http:\/\/ylojarvendemarit.fi\/blogi\/wp-json\/wp\/v2\/posts\/84\/revisions\/89"}],"wp:featuredmedia":[{"embeddable":true,"href":"http:\/\/ylojarvendemarit.fi\/blogi\/wp-json\/wp\/v2\/media\/85"}],"wp:attachment":[{"href":"http:\/\/ylojarvendemarit.fi\/blogi\/wp-json\/wp\/v2\/media?parent=84"}],"wp:term":[{"taxonomy":"category","embeddable":true,"href":"http:\/\/ylojarvendemarit.fi\/blogi\/wp-json\/wp\/v2\/categories?post=84"},{"taxonomy":"post_tag","embeddable":true,"href":"http:\/\/ylojarvendemarit.fi\/blogi\/wp-json\/wp\/v2\/tags?post=84"}],"curies":[{"name":"wp","href":"https:\/\/api.w.org\/{rel}","templated":true}]}}