{"id":63,"date":"2018-04-03T19:06:34","date_gmt":"2018-04-03T16:06:34","guid":{"rendered":"http:\/\/ylojarvendemarit.fi\/blogi\/?p=63"},"modified":"2019-01-21T12:59:39","modified_gmt":"2019-01-21T10:59:39","slug":"tampere-tulessa-1918-mita-tapahtui-ylojarvella","status":"publish","type":"post","link":"http:\/\/ylojarvendemarit.fi\/blogi\/tampere-tulessa-1918-mita-tapahtui-ylojarvella\/","title":{"rendered":"Tampere tulessa 1918, mit\u00e4 tapahtui Yl\u00f6j\u00e4rvell\u00e4"},"content":{"rendered":"<p><strong>T\u00e4m\u00e4 ajankohta, jota nyt el\u00e4mme, vaatii palaamaan historiaan.<\/strong><\/p>\n<p>P\u00e4iv\u00e4lleen tasan 100 vuotta sitten elettiin Suomen historian raskainta aikaa. Sis\u00e4llissodan verisimm\u00e4t taistelut k\u00e4ytiin p\u00e4\u00e4si\u00e4isen pyhin\u00e4 Tampereella Kalevankankaan hautausmaalla ja N\u00e4silinnan kalliolla. Suomen kansa oli jakautunut kahtia taloudellisesti, sosiaalisesti ja poliittisesti. Sota viilsi vastasyntyneen valtion syd\u00e4meen syv\u00e4n haavan.<\/p>\n<p><!--more--><\/p>\n<p>T\u00e4n\u00e4 vuonna olemme saaneet viett\u00e4\u00e4 p\u00e4\u00e4si\u00e4ist\u00e4 rauhallisissa ja onnellisissa merkeiss\u00e4, jopa ylt\u00e4kyll\u00e4isyyden vallitessa. On siis \u00e4\u00e4rimm\u00e4isen vaikea ymm\u00e4rt\u00e4\u00e4, ett\u00e4 on kulunut vain 100 vuotta siit\u00e4, kun suomalaiset kristityt tappoivat toisiaan.<\/p>\n<p>Oma \u00e4itini on 97 vuotias. H\u00e4n ei muista, ett\u00e4 h\u00e4nen lapsuuden kodissaan Yp\u00e4j\u00e4ll\u00e4 olisi puhuttu sanallakaan kapinasta tai vapaussodasta tahi kansalaissodasta.<br \/>\nToisin kuin talvi- ja jatkosodat, ei sis\u00e4llissota koskettanut l\u00e4hesk\u00e4\u00e4n kaikkia kuntia. Taistelut k\u00e4ytiin etup\u00e4\u00e4ss\u00e4 etel\u00e4isess\u00e4 Suomessa suurten kaupunkien tuntumassa. Menetykset niin voittajien kuin h\u00e4vi\u00e4jien puolella olivat \u00e4\u00e4rimm\u00e4isen traumaattinen kokemus. Nelj\u00e4 kuukautta kest\u00e4neess\u00e4 sodassa kuoli 36000 ihmist\u00e4, heist\u00e4 13000 vankileireill\u00e4. Punaisten uhraukset olivat mittaamattomat. Heid\u00e4n joukkohautojaan on vasta viime vuosikymmenien aikana siunattu. Sis\u00e4llissodassa kirkon johto asettui valkoisten puolelle, vaikka osapuolet molemmin puolin olivat kirkon j\u00e4seni\u00e4. Onko kirkko pyyt\u00e4nyt k\u00e4ytt\u00e4ytymist\u00e4\u00e4n anteeksi?<br \/>\nPerheiden tilanne oli kouraisevan vakava ja toivoton. Sodan seurauksena j\u00e4i orvoksi noin 15000 lasta. Vaikenemalla haluttiin unohtaa kauheudet. Kansakuntamme on osoittanut moraalista vahvuutta sill\u00e4, miten se on kohdellut ja pit\u00e4nyt huolta sukupolvista, jotka ovat maastamme rakentaneet tasa-arvoisen, oikeudenmukaisen ja yhteisvastuullisen yhteiskunnan.<\/p>\n<p>Historiaa ei pid\u00e4 toistaa, mutta siit\u00e4 pit\u00e4\u00e4 ottaa opiksi. Vahva demokraattinen j\u00e4rjestelm\u00e4 on paras tae koettujen tapahtumien toistumista vastaan.<\/p>\n<h2>Mit\u00e4 tapahtui Yl\u00f6j\u00e4rvell\u00e4 1918?<\/h2>\n<p>Siihen saamme vastauksen 15.4.2018 j\u00e4rjestett\u00e4v\u00e4ss\u00e4 tilaisuudessa, jossa historioitsija <strong>Teemu Keskisarja<\/strong> valottaa asiaa. Kannattaa tulla kuuntelemaan.<\/p>\n<h3>Mit\u00e4 tapahtuu Suomessa ja Pirkanmaalla kev\u00e4\u00e4ll\u00e4 2018?<\/h3>\n<p>Alkuvuodesta ennustelin, ett\u00e4 saamme viett\u00e4\u00e4 mielenkiintoista kev\u00e4tt\u00e4. Sote- ja maakuntauudistuksesta oli juuri annettu Yl\u00f6j\u00e4rven kaupungin lausunto. Kuntien ja sairaanhoitopiirien lausunnot olivat yksimielisen kriittisi\u00e4 erityisesti valinnanvapausehdotusta kohtaan.<br \/>\nEduskunnan valiokunnat ovat maaliskuussa saaneet hallituksen korjatut lakiesitykset k\u00e4sittelyyns\u00e4 ja nyt vain odotellaan millaisen tuomion ne antavat, erityisesti perustuslakivaliokunnan ratkaisulla on merkityst\u00e4 eduskunnan p\u00e4\u00e4t\u00f6ksentekoon. JOS lakiesitys kes\u00e4kuussa menee l\u00e4pi, pidet\u00e4\u00e4n maakuntavaalit lokakuussa. Ennen sit\u00e4 pit\u00e4\u00e4 hallituspuolueiden p\u00e4\u00e4st\u00e4 monesta yksityiskohdasta sopimukseen.<br \/>\nAika yksimielisesti ollaan sit\u00e4 mielt\u00e4, ett\u00e4 sosiaali- ja terveydenhuollon uudistus tarvitaan, onhan sit\u00e4 jo moni maan hallitus yritt\u00e4nyt toteuttaa. Aika moni on my\u00f6s sanonut, ett\u00e4 uudistus voitaisiin aivan hyvin toteuttaa ilman maakuntauudistusta. T\u00e4st\u00e4 asiasta on erilaisia n\u00e4kemyksi\u00e4 jopa puolueiden sis\u00e4ll\u00e4. Maakuntauudistusta on valmisteltu eri puolilla Suomea hyvin erilaisella aikataululla. Pirkanmaalla on kaiketi edetty hyv\u00e4ss\u00e4 etunojassa. Sote-uudistuksen lakivalmistelussa on viel\u00e4 niin paljon keskener\u00e4isi\u00e4 asioita, ett\u00e4 ihmettelenp\u00e4 tuleeko valmista.<\/p>\n<p><strong>Leena Mankkinen<\/strong><br \/>\nDemarivaltuutettu<\/p>\n<p><em>Kaatuneitten Omaisten Liiton el\u00e4kkeelle j\u00e4\u00e4nyt toiminnanjohtaja<\/em><br \/>\n<em>Pirkanmaan sairaanhoitopiirin hallituksen j\u00e4sen<\/em><\/p>\n","protected":false},"excerpt":{"rendered":"<p>T\u00e4m\u00e4 ajankohta, jota nyt el\u00e4mme, vaatii palaamaan historiaan. P\u00e4iv\u00e4lleen tasan 100 vuotta sitten elettiin Suomen historian raskainta aikaa. Sis\u00e4llissodan verisimm\u00e4t taistelut k\u00e4ytiin p\u00e4\u00e4si\u00e4isen pyhin\u00e4 Tampereella Kalevankankaan hautausmaalla ja N\u00e4silinnan kalliolla. Suomen kansa oli jakautunut kahtia taloudellisesti, sosiaalisesti ja poliittisesti. Sota viilsi vastasyntyneen valtion syd\u00e4meen syv\u00e4n haavan.<\/p>\n","protected":false},"author":6,"featured_media":69,"comment_status":"open","ping_status":"open","sticky":false,"template":"","format":"standard","meta":[],"categories":[6,4],"tags":[13],"yoast_head":"<!-- This site is optimized with the Yoast SEO plugin v15.9 - https:\/\/yoast.com\/wordpress\/plugins\/seo\/ -->\n<title>Tampere tulessa 1918, mit\u00e4 tapahtui Yl\u00f6j\u00e4rvell\u00e4 &ndash; Juttuliiteri<\/title>\n<meta name=\"robots\" content=\"index, follow, max-snippet:-1, max-image-preview:large, max-video-preview:-1\" \/>\n<link rel=\"canonical\" href=\"http:\/\/ylojarvendemarit.fi\/blogi\/tampere-tulessa-1918-mita-tapahtui-ylojarvella\/\" \/>\n<meta property=\"og:locale\" content=\"fi_FI\" \/>\n<meta property=\"og:type\" content=\"article\" \/>\n<meta property=\"og:title\" content=\"Tampere tulessa 1918, mit\u00e4 tapahtui Yl\u00f6j\u00e4rvell\u00e4 &ndash; Juttuliiteri\" \/>\n<meta property=\"og:description\" content=\"T\u00e4m\u00e4 ajankohta, jota nyt el\u00e4mme, vaatii palaamaan historiaan. P\u00e4iv\u00e4lleen tasan 100 vuotta sitten elettiin Suomen historian raskainta aikaa. Sis\u00e4llissodan verisimm\u00e4t taistelut k\u00e4ytiin p\u00e4\u00e4si\u00e4isen pyhin\u00e4 Tampereella Kalevankankaan hautausmaalla ja N\u00e4silinnan kalliolla. Suomen kansa oli jakautunut kahtia taloudellisesti, sosiaalisesti ja poliittisesti. Sota viilsi vastasyntyneen valtion syd\u00e4meen syv\u00e4n haavan.\" \/>\n<meta property=\"og:url\" content=\"http:\/\/ylojarvendemarit.fi\/blogi\/tampere-tulessa-1918-mita-tapahtui-ylojarvella\/\" \/>\n<meta property=\"og:site_name\" content=\"Juttuliiteri\" \/>\n<meta property=\"article:publisher\" content=\"https:\/\/www.facebook.com\/Yl%c3%b6j%c3%a4rven-demarit-985780778136959\/\" \/>\n<meta property=\"article:published_time\" content=\"2018-04-03T16:06:34+00:00\" \/>\n<meta property=\"article:modified_time\" content=\"2019-01-21T10:59:39+00:00\" \/>\n<meta property=\"og:image\" content=\"http:\/\/ylojarvendemarit.fi\/blogi\/wp-content\/uploads\/2018\/04\/Punaorvot-1918.jpg\" \/>\n\t<meta property=\"og:image:width\" content=\"1583\" \/>\n\t<meta property=\"og:image:height\" content=\"1008\" \/>\n<meta name=\"twitter:card\" content=\"summary_large_image\" \/>\n<meta name=\"twitter:label1\" content=\"Est. reading time\">\n\t<meta name=\"twitter:data1\" content=\"2 minuuttia\">\n<script type=\"application\/ld+json\" class=\"yoast-schema-graph\">{\"@context\":\"https:\/\/schema.org\",\"@graph\":[{\"@type\":\"WebSite\",\"@id\":\"http:\/\/ylojarvendemarit.fi\/blogi\/#website\",\"url\":\"http:\/\/ylojarvendemarit.fi\/blogi\/\",\"name\":\"Juttuliiteri\",\"description\":\"Demarien arjen ajatuksia\",\"potentialAction\":[{\"@type\":\"SearchAction\",\"target\":\"http:\/\/ylojarvendemarit.fi\/blogi\/?s={search_term_string}\",\"query-input\":\"required name=search_term_string\"}],\"inLanguage\":\"fi\"},{\"@type\":\"ImageObject\",\"@id\":\"http:\/\/ylojarvendemarit.fi\/blogi\/tampere-tulessa-1918-mita-tapahtui-ylojarvella\/#primaryimage\",\"inLanguage\":\"fi\",\"url\":\"http:\/\/ylojarvendemarit.fi\/blogi\/wp-content\/uploads\/2018\/04\/Punaorvot-1918.jpg\",\"width\":1583,\"height\":1008,\"caption\":\"Punaorvot-1918\"},{\"@type\":\"WebPage\",\"@id\":\"http:\/\/ylojarvendemarit.fi\/blogi\/tampere-tulessa-1918-mita-tapahtui-ylojarvella\/#webpage\",\"url\":\"http:\/\/ylojarvendemarit.fi\/blogi\/tampere-tulessa-1918-mita-tapahtui-ylojarvella\/\",\"name\":\"Tampere tulessa 1918, mit\\u00e4 tapahtui Yl\\u00f6j\\u00e4rvell\\u00e4 &ndash; Juttuliiteri\",\"isPartOf\":{\"@id\":\"http:\/\/ylojarvendemarit.fi\/blogi\/#website\"},\"primaryImageOfPage\":{\"@id\":\"http:\/\/ylojarvendemarit.fi\/blogi\/tampere-tulessa-1918-mita-tapahtui-ylojarvella\/#primaryimage\"},\"datePublished\":\"2018-04-03T16:06:34+00:00\",\"dateModified\":\"2019-01-21T10:59:39+00:00\",\"author\":{\"@id\":\"http:\/\/ylojarvendemarit.fi\/blogi\/#\/schema\/person\/4771ca158294b6a3b047d8c984ffd374\"},\"breadcrumb\":{\"@id\":\"http:\/\/ylojarvendemarit.fi\/blogi\/tampere-tulessa-1918-mita-tapahtui-ylojarvella\/#breadcrumb\"},\"inLanguage\":\"fi\",\"potentialAction\":[{\"@type\":\"ReadAction\",\"target\":[\"http:\/\/ylojarvendemarit.fi\/blogi\/tampere-tulessa-1918-mita-tapahtui-ylojarvella\/\"]}]},{\"@type\":\"BreadcrumbList\",\"@id\":\"http:\/\/ylojarvendemarit.fi\/blogi\/tampere-tulessa-1918-mita-tapahtui-ylojarvella\/#breadcrumb\",\"itemListElement\":[{\"@type\":\"ListItem\",\"position\":1,\"item\":{\"@type\":\"WebPage\",\"@id\":\"http:\/\/ylojarvendemarit.fi\/blogi\/\",\"url\":\"http:\/\/ylojarvendemarit.fi\/blogi\/\",\"name\":\"Home\"}},{\"@type\":\"ListItem\",\"position\":2,\"item\":{\"@type\":\"WebPage\",\"@id\":\"http:\/\/ylojarvendemarit.fi\/blogi\/tampere-tulessa-1918-mita-tapahtui-ylojarvella\/\",\"url\":\"http:\/\/ylojarvendemarit.fi\/blogi\/tampere-tulessa-1918-mita-tapahtui-ylojarvella\/\",\"name\":\"Tampere tulessa 1918, mit\\u00e4 tapahtui Yl\\u00f6j\\u00e4rvell\\u00e4\"}}]},{\"@type\":\"Person\",\"@id\":\"http:\/\/ylojarvendemarit.fi\/blogi\/#\/schema\/person\/4771ca158294b6a3b047d8c984ffd374\",\"name\":\"Leena Mankkinen\",\"image\":{\"@type\":\"ImageObject\",\"@id\":\"http:\/\/ylojarvendemarit.fi\/blogi\/#personlogo\",\"inLanguage\":\"fi\",\"url\":\"http:\/\/2.gravatar.com\/avatar\/bd91e63eb3985aa1979ebe004abb8367?s=96&d=mm&r=g\",\"caption\":\"Leena Mankkinen\"}}]}<\/script>\n<!-- \/ Yoast SEO plugin. -->","_links":{"self":[{"href":"http:\/\/ylojarvendemarit.fi\/blogi\/wp-json\/wp\/v2\/posts\/63"}],"collection":[{"href":"http:\/\/ylojarvendemarit.fi\/blogi\/wp-json\/wp\/v2\/posts"}],"about":[{"href":"http:\/\/ylojarvendemarit.fi\/blogi\/wp-json\/wp\/v2\/types\/post"}],"author":[{"embeddable":true,"href":"http:\/\/ylojarvendemarit.fi\/blogi\/wp-json\/wp\/v2\/users\/6"}],"replies":[{"embeddable":true,"href":"http:\/\/ylojarvendemarit.fi\/blogi\/wp-json\/wp\/v2\/comments?post=63"}],"version-history":[{"count":6,"href":"http:\/\/ylojarvendemarit.fi\/blogi\/wp-json\/wp\/v2\/posts\/63\/revisions"}],"predecessor-version":[{"id":70,"href":"http:\/\/ylojarvendemarit.fi\/blogi\/wp-json\/wp\/v2\/posts\/63\/revisions\/70"}],"wp:featuredmedia":[{"embeddable":true,"href":"http:\/\/ylojarvendemarit.fi\/blogi\/wp-json\/wp\/v2\/media\/69"}],"wp:attachment":[{"href":"http:\/\/ylojarvendemarit.fi\/blogi\/wp-json\/wp\/v2\/media?parent=63"}],"wp:term":[{"taxonomy":"category","embeddable":true,"href":"http:\/\/ylojarvendemarit.fi\/blogi\/wp-json\/wp\/v2\/categories?post=63"},{"taxonomy":"post_tag","embeddable":true,"href":"http:\/\/ylojarvendemarit.fi\/blogi\/wp-json\/wp\/v2\/tags?post=63"}],"curies":[{"name":"wp","href":"https:\/\/api.w.org\/{rel}","templated":true}]}}