{"id":210,"date":"2021-06-08T16:01:54","date_gmt":"2021-06-08T13:01:54","guid":{"rendered":"http:\/\/ylojarvendemarit.fi\/blogi\/?p=210"},"modified":"2021-06-08T16:01:54","modified_gmt":"2021-06-08T13:01:54","slug":"maltilliset-fyysiset-keinot-vai-lasten-kunnioittaminen-ja-arvostaminen","status":"publish","type":"post","link":"http:\/\/ylojarvendemarit.fi\/blogi\/maltilliset-fyysiset-keinot-vai-lasten-kunnioittaminen-ja-arvostaminen\/","title":{"rendered":"Maltilliset fyysiset keinot, vai lasten kunnioittaminen ja arvostaminen?"},"content":{"rendered":"<p class=\"p1\"><span class=\"s1\">Viime p\u00e4ivin\u00e4 olemme saaneet seurata puheenjohtajien vaalitenttej\u00e4, joissa esille ovat nousseet mm. koulujen resurssit ja kiusaaminen. Meill\u00e4 on my\u00f6s tuoreena mieless\u00e4 koulujen melko uudesta opetussuunnitelmasta kertovat uutiset sek\u00e4 Helsingin Koskelan kiusaamisen \u00e4\u00e4rimm\u00e4iset seuraukset.<\/span><\/p>\n<p><!--more--><\/p>\n<p class=\"p1\"><span class=\"s1\">Uutisten valtavirrassa silm\u00e4\u00e4ni ovat pist\u00e4neet mm. lause \u201dopettajilla pit\u00e4isi olla mahdollisuus k\u00e4ytt\u00e4\u00e4 maltillisia fyysisisi\u00e4 keinoja\u201d ja Helsingin valtuuston aloite nimet\u00e4 Koskelan puisto \u201dLasten oikeuksien puistoksi\u201d.\u00a0<\/span><\/p>\n<p class=\"p1\"><span class=\"s1\">Kuinka lapsien ja nuorten hyvinvointiin tulisi oikeasti vaikuttaa? Avaan mielipidett\u00e4ni kolmen p\u00e4\u00e4teeman kautta.\u00a0<\/span><\/p>\n<p class=\"p1\"><span class=\"s1\">1)Asennemuutos: Perheen tulisi olla v\u00e4litt\u00e4v\u00e4 ja huomioiva rajojen asettaja. Se tarkoittaa aikaa lapsen kanssa, kuuntelua, keskustelua ja huomiota. My\u00f6s yhteiskunnan tulisi kannustaa yhteis\u00f6llisyyteen yksil\u00f6keskeisyyden sijaan.\u00a0<\/span><\/p>\n<p class=\"p1\"><span class=\"s1\">2)Koulujen resurssit: Koulut eiv\u00e4t tarvitse lis\u00e4\u00e4 \u201dmaltillisia fyysisi\u00e4 keinoja\u201d vaan lis\u00e4\u00e4 aikuisia ja resursseja kouluihin. Jo t\u00e4ll\u00e4 hetkell\u00e4 lain mukaan koulun aikuisella on oikeus k\u00e4ytt\u00e4\u00e4 v\u00e4ltt\u00e4m\u00e4tt\u00f6mi\u00e4 voimakeinoja, mik\u00e4li oppilas aiheuttaa h\u00e4iri\u00f6t\u00e4 tai oppilaiden ja aikuisten turvallisuus on vaarassa. Rajoittaminen onnistuu turvallisemmin, jos paikalla on toinen aikuinen todistamassa. My\u00f6s luokkien koko vaikuttaa siihen, mit\u00e4 koulun aikuinen kerke\u00e4\u00e4 huomaamaan ja mihin h\u00e4n kerke\u00e4\u00e4 puuttumaan. Ja mik\u00e4 t\u00e4rkeint\u00e4, koulun aikuinen kerke\u00e4\u00e4 my\u00f6s huomioimaan jokaisen oppilaan paremmin.\u00a0\u00a0<\/span><\/p>\n<p class=\"p1\"><span class=\"s1\">3)Kouluj\u00e4rjestelm\u00e4n reformi: Erityisluokkien alasajo ja inkluusio eli oppilasaineksen yhdist\u00e4minen yleisopetuksen luokkiin, on aiheuttanut enemm\u00e4n vahinkoa kuin hyv\u00e4\u00e4. Nykyinen j\u00e4rjestelm\u00e4 uuvuttaa niin oppilaat kuin koulun aikuisetkin. T\u00e4m\u00e4 muodostaa vaarallisen itse\u00e4\u00e4n ruokkivan keh\u00e4n. Oppilaiden ja opettajien motivaatio laskee. Oppilailla siit\u00e4 syyst\u00e4, ett\u00e4 he eiv\u00e4t saa onnistumisen kokemuksia ja huomiota, ja opettajilla sen vuoksi, ett\u00e4 he kokevat olevansa kykenem\u00e4tt\u00f6mi\u00e4 hoitamaan teht\u00e4vi\u00e4\u00e4n vaadittavalla tasolla.<\/span><\/p>\n<p class=\"p1\"><span class=\"s1\">Monet koulutuksen p\u00e4\u00e4linjat p\u00e4\u00e4tet\u00e4\u00e4n valtion tasolla, mutta my\u00f6s kunnilla on mahdollisuus vaikuttaa omien koulujensa resursseihin. Yll\u00e4mainitsemani keinot, kuten sopiva m\u00e4\u00e4r\u00e4 aikuisia luokan tarpeen mukaan, erityisopetuksen luokkia riitt\u00e4v\u00e4sti ja laaja-alaisen erityisopettajan tuki yleisopetuksen luokille, luovat turvallisen oppimisymp\u00e4rist\u00f6n. Ennen kaikkea t\u00e4st\u00e4 seuraisi se, ett\u00e4 koulun aikuisella olisi aikaa jokaisen lapsen kohtaamiseen.\u00a0<\/span><\/p>\n<p class=\"p1\"><span class=\"s1\">N\u00e4ill\u00e4 toimilla ennaltaehk\u00e4ist\u00e4isiin monia tulevaisuuden ongelmia, jotka seuraavat siit\u00e4, kun lapsia ei todellisuudessa kunnioiteta ja arvosteta. Me emme tarvitse puistoja, emmek\u00e4 my\u00f6sk\u00e4\u00e4n fyysisi\u00e4 keinoja, joilla osoittaisimme lapsille, ett\u00e4 v\u00e4lit\u00e4mme. Tarvitsemme vuorovaikutteisen yhteiskunnan ja koulun, jossa lapsien kehityksest\u00e4 ja el\u00e4m\u00e4st\u00e4 ollaan oikeasti kiinnostuneita.\u00a0<\/span><\/p>\n<p>&nbsp;<\/p>\n<p class=\"p3\"><strong>Joonas Salminen<\/strong><\/p>\n","protected":false},"excerpt":{"rendered":"<p>Viime p\u00e4ivin\u00e4 olemme saaneet seurata puheenjohtajien vaalitenttej\u00e4, joissa esille ovat nousseet mm. koulujen resurssit ja kiusaaminen. Meill\u00e4 on my\u00f6s tuoreena mieless\u00e4 koulujen melko uudesta opetussuunnitelmasta kertovat uutiset sek\u00e4 Helsingin Koskelan kiusaamisen \u00e4\u00e4rimm\u00e4iset seuraukset.<\/p>\n","protected":false},"author":14,"featured_media":0,"comment_status":"open","ping_status":"open","sticky":false,"template":"","format":"standard","meta":[],"categories":[17,6],"tags":[9,18],"yoast_head":"<!-- This site is optimized with the Yoast SEO plugin v15.9 - https:\/\/yoast.com\/wordpress\/plugins\/seo\/ -->\n<title>Maltilliset fyysiset keinot, vai lasten kunnioittaminen ja arvostaminen? &ndash; Juttuliiteri<\/title>\n<meta name=\"robots\" content=\"index, follow, max-snippet:-1, max-image-preview:large, max-video-preview:-1\" \/>\n<link rel=\"canonical\" href=\"http:\/\/ylojarvendemarit.fi\/blogi\/maltilliset-fyysiset-keinot-vai-lasten-kunnioittaminen-ja-arvostaminen\/\" \/>\n<meta property=\"og:locale\" content=\"fi_FI\" \/>\n<meta property=\"og:type\" content=\"article\" \/>\n<meta property=\"og:title\" content=\"Maltilliset fyysiset keinot, vai lasten kunnioittaminen ja arvostaminen? &ndash; Juttuliiteri\" \/>\n<meta property=\"og:description\" content=\"Viime p\u00e4ivin\u00e4 olemme saaneet seurata puheenjohtajien vaalitenttej\u00e4, joissa esille ovat nousseet mm. koulujen resurssit ja kiusaaminen. Meill\u00e4 on my\u00f6s tuoreena mieless\u00e4 koulujen melko uudesta opetussuunnitelmasta kertovat uutiset sek\u00e4 Helsingin Koskelan kiusaamisen \u00e4\u00e4rimm\u00e4iset seuraukset.\" \/>\n<meta property=\"og:url\" content=\"http:\/\/ylojarvendemarit.fi\/blogi\/maltilliset-fyysiset-keinot-vai-lasten-kunnioittaminen-ja-arvostaminen\/\" \/>\n<meta property=\"og:site_name\" content=\"Juttuliiteri\" \/>\n<meta property=\"article:publisher\" content=\"https:\/\/www.facebook.com\/Yl%c3%b6j%c3%a4rven-demarit-985780778136959\/\" \/>\n<meta property=\"article:published_time\" content=\"2021-06-08T13:01:54+00:00\" \/>\n<meta name=\"twitter:card\" content=\"summary_large_image\" \/>\n<meta name=\"twitter:label1\" content=\"Est. reading time\">\n\t<meta name=\"twitter:data1\" content=\"2 minuuttia\">\n<script type=\"application\/ld+json\" class=\"yoast-schema-graph\">{\"@context\":\"https:\/\/schema.org\",\"@graph\":[{\"@type\":\"WebSite\",\"@id\":\"http:\/\/ylojarvendemarit.fi\/blogi\/#website\",\"url\":\"http:\/\/ylojarvendemarit.fi\/blogi\/\",\"name\":\"Juttuliiteri\",\"description\":\"Demarien arjen ajatuksia\",\"potentialAction\":[{\"@type\":\"SearchAction\",\"target\":\"http:\/\/ylojarvendemarit.fi\/blogi\/?s={search_term_string}\",\"query-input\":\"required name=search_term_string\"}],\"inLanguage\":\"fi\"},{\"@type\":\"WebPage\",\"@id\":\"http:\/\/ylojarvendemarit.fi\/blogi\/maltilliset-fyysiset-keinot-vai-lasten-kunnioittaminen-ja-arvostaminen\/#webpage\",\"url\":\"http:\/\/ylojarvendemarit.fi\/blogi\/maltilliset-fyysiset-keinot-vai-lasten-kunnioittaminen-ja-arvostaminen\/\",\"name\":\"Maltilliset fyysiset keinot, vai lasten kunnioittaminen ja arvostaminen? &ndash; Juttuliiteri\",\"isPartOf\":{\"@id\":\"http:\/\/ylojarvendemarit.fi\/blogi\/#website\"},\"datePublished\":\"2021-06-08T13:01:54+00:00\",\"dateModified\":\"2021-06-08T13:01:54+00:00\",\"author\":{\"@id\":\"http:\/\/ylojarvendemarit.fi\/blogi\/#\/schema\/person\/3bf26afce4b0dc85be6b86aeb88af5ef\"},\"breadcrumb\":{\"@id\":\"http:\/\/ylojarvendemarit.fi\/blogi\/maltilliset-fyysiset-keinot-vai-lasten-kunnioittaminen-ja-arvostaminen\/#breadcrumb\"},\"inLanguage\":\"fi\",\"potentialAction\":[{\"@type\":\"ReadAction\",\"target\":[\"http:\/\/ylojarvendemarit.fi\/blogi\/maltilliset-fyysiset-keinot-vai-lasten-kunnioittaminen-ja-arvostaminen\/\"]}]},{\"@type\":\"BreadcrumbList\",\"@id\":\"http:\/\/ylojarvendemarit.fi\/blogi\/maltilliset-fyysiset-keinot-vai-lasten-kunnioittaminen-ja-arvostaminen\/#breadcrumb\",\"itemListElement\":[{\"@type\":\"ListItem\",\"position\":1,\"item\":{\"@type\":\"WebPage\",\"@id\":\"http:\/\/ylojarvendemarit.fi\/blogi\/\",\"url\":\"http:\/\/ylojarvendemarit.fi\/blogi\/\",\"name\":\"Home\"}},{\"@type\":\"ListItem\",\"position\":2,\"item\":{\"@type\":\"WebPage\",\"@id\":\"http:\/\/ylojarvendemarit.fi\/blogi\/maltilliset-fyysiset-keinot-vai-lasten-kunnioittaminen-ja-arvostaminen\/\",\"url\":\"http:\/\/ylojarvendemarit.fi\/blogi\/maltilliset-fyysiset-keinot-vai-lasten-kunnioittaminen-ja-arvostaminen\/\",\"name\":\"Maltilliset fyysiset keinot, vai lasten kunnioittaminen ja arvostaminen?\"}}]},{\"@type\":\"Person\",\"@id\":\"http:\/\/ylojarvendemarit.fi\/blogi\/#\/schema\/person\/3bf26afce4b0dc85be6b86aeb88af5ef\",\"name\":\"Joonas Salminen\",\"image\":{\"@type\":\"ImageObject\",\"@id\":\"http:\/\/ylojarvendemarit.fi\/blogi\/#personlogo\",\"inLanguage\":\"fi\",\"url\":\"http:\/\/1.gravatar.com\/avatar\/ae9d9a0b48b364066db250325ee30872?s=96&d=mm&r=g\",\"caption\":\"Joonas Salminen\"}}]}<\/script>\n<!-- \/ Yoast SEO plugin. -->","_links":{"self":[{"href":"http:\/\/ylojarvendemarit.fi\/blogi\/wp-json\/wp\/v2\/posts\/210"}],"collection":[{"href":"http:\/\/ylojarvendemarit.fi\/blogi\/wp-json\/wp\/v2\/posts"}],"about":[{"href":"http:\/\/ylojarvendemarit.fi\/blogi\/wp-json\/wp\/v2\/types\/post"}],"author":[{"embeddable":true,"href":"http:\/\/ylojarvendemarit.fi\/blogi\/wp-json\/wp\/v2\/users\/14"}],"replies":[{"embeddable":true,"href":"http:\/\/ylojarvendemarit.fi\/blogi\/wp-json\/wp\/v2\/comments?post=210"}],"version-history":[{"count":3,"href":"http:\/\/ylojarvendemarit.fi\/blogi\/wp-json\/wp\/v2\/posts\/210\/revisions"}],"predecessor-version":[{"id":213,"href":"http:\/\/ylojarvendemarit.fi\/blogi\/wp-json\/wp\/v2\/posts\/210\/revisions\/213"}],"wp:attachment":[{"href":"http:\/\/ylojarvendemarit.fi\/blogi\/wp-json\/wp\/v2\/media?parent=210"}],"wp:term":[{"taxonomy":"category","embeddable":true,"href":"http:\/\/ylojarvendemarit.fi\/blogi\/wp-json\/wp\/v2\/categories?post=210"},{"taxonomy":"post_tag","embeddable":true,"href":"http:\/\/ylojarvendemarit.fi\/blogi\/wp-json\/wp\/v2\/tags?post=210"}],"curies":[{"name":"wp","href":"https:\/\/api.w.org\/{rel}","templated":true}]}}