{"id":200,"date":"2021-06-08T15:55:22","date_gmt":"2021-06-08T12:55:22","guid":{"rendered":"http:\/\/ylojarvendemarit.fi\/blogi\/?p=200"},"modified":"2021-06-08T15:56:37","modified_gmt":"2021-06-08T12:56:37","slug":"lastenkulttuuria-ylojarvelle","status":"publish","type":"post","link":"http:\/\/ylojarvendemarit.fi\/blogi\/lastenkulttuuria-ylojarvelle\/","title":{"rendered":"Lastenkulttuuria Yl\u00f6j\u00e4rvelle"},"content":{"rendered":"<p class=\"p1\"><span class=\"s1\">Osallistuin t\u00e4ss\u00e4 taannoin seminaariin, jossa suunniteltiin Yl\u00f6j\u00e4rven keskustan kehitt\u00e4mist\u00e4. T\u00e4h\u00e4n kokonaisuuteen sis\u00e4ltyy oleellisena asiana kulttuuritalo. Kulttuuritalolle on kaavassa varaus Leija-kirjaston vieress\u00e4 olevalle tyhj\u00e4lle tontille. Kyseess\u00e4 on siis nimenomaan varaus. P\u00e4\u00e4t\u00f6st\u00e4 kulttuuritalon rakentamisesta tai siit\u00e4 mit\u00e4 tuleva rakennus pit\u00e4isi sis\u00e4ll\u00e4\u00e4n, ei ole viel\u00e4 tehty.<\/span><\/p>\n<p><!--more--><\/p>\n<p class=\"p1\"><span class=\"s1\">Jos mik\u00e4, niin kulttuuri usein nostaa j\u00e4rjen lis\u00e4ksi tunteet pintaan. Omien kokemuksieni mukaan kovimpia arvosteluja esitt\u00e4v\u00e4t kulttuurihankkeiden vastustajat. Argumenttina k\u00e4ytet\u00e4\u00e4n rahan tuhlaamista turhuuteen, jota ilmankin tulisimme hyvin toimeen. My\u00f6s vastakkainasettelu on yleist\u00e4. Vastustajien mukaan aina on t\u00e4rke\u00e4mpi\u00e4, kiireellisempi\u00e4 ja jo kauan vuoroaan odottaneita hankkeita. Usein my\u00f6s urheilu ja kulttuuri asetetaan ik\u00e4\u00e4n kuin vastakkain. Urheilun terveyshy\u00f6dyt ovatkin kiistattomat, kulttuurin hy\u00f6ty taas vaikeammin mitattavissa olevaa konkreettista asiaa, ennemminkin mielentilaa.<\/span><\/p>\n<p class=\"p1\"><span class=\"s1\">Kunnallisiin p\u00e4\u00e4t\u00f6ksiin toivotaankin erilaisia vaihtoehtoja, joista voi valita parhaan tai muodostaa hybridin. T\u00e4ss\u00e4 omat kaksi vaihtoehtoani t\u00e4h\u00e4n keskusteluun, vaihtoehdot A ja B.<\/span><\/p>\n<p class=\"p1\"><span class=\"s1\">Vaihtoehto A: Rakennetaan tuolle nimenomaiselle Leija-kirjaston vieress\u00e4 sijaitsevalle Leija-puiston alueelle rohkea, iloinen, moni-ilmeinen lastenkulttuuritalo. Rakennus sijaitsee keskusta-alueen paraatipaikalla, hyvien kulkuyhteyksien varrella. N\u00e4in ollen se olisi n\u00e4kyv\u00e4 maamerkki niin vanhoille kuin uusillekin kuntalaisille.<span class=\"Apple-converted-space\">\u00a0 <\/span>Kulttuuritalon voisi rakentaa joko yhten\u00e4iseksi jatkeeksi Leija-kirjastolle tai pienen v\u00e4limatkan p\u00e4\u00e4h\u00e4n erilliseksi rakennukseksi, kuitenkin kirjaston synergiaa hy\u00f6dynt\u00e4en.<\/span><\/p>\n<p class=\"p1\"><span class=\"s1\">Vaihtoehto B: Rakennetaan edell\u00e4 mainittua toiminnallisempi kulttuuri\/monitoimitalo R\u00e4ik\u00e4npuiston alueelle.<span class=\"Apple-converted-space\">\u00a0 <\/span>T\u00e4ll\u00e4 alueellahan jo nyt lapset, nuoret, perheet ja kaiken ik\u00e4iset viett\u00e4v\u00e4t paljon aikaa. R\u00e4ik\u00e4npuiston alueella on paljon rakentamattomia peltoja. N\u00e4ille pelloille sopisi maisemallisesti ja ekologisesti ajatellen matala puurakentaminen. Uimaranta, urheilukentt\u00e4, leikkipaikat, ladut ja pulkkam\u00e4et tarjoavat mielek\u00e4st\u00e4 toimintaa, jota voisi viel\u00e4 monipuolistaa ja tukea rakentamisen avulla. <\/span><\/p>\n<p class=\"p1\"><span class=\"s1\">Mit\u00e4 kaikkea t\u00e4m\u00e4 talo voisi pit\u00e4\u00e4 sis\u00e4ll\u00e4\u00e4n ja ymp\u00e4rist\u00f6ss\u00e4\u00e4n? Itselleni nousi mieleen pitk\u00e4 lista asioita: yhteis\u00f6llisi\u00e4 tapahtumia, toimintapajoja, lastenteatteria, musiikkia, taidetta, tiloja kolmannen sektorin ja j\u00e4rjest\u00f6jen toiminnoille. Ty\u00f6llistet\u00e4\u00e4n nuoria ohjaamaan ja ideoimaan toimintoja, mahdollistetaan lukion y-linjalaisille yritystoimintaa, j\u00e4rjestet\u00e4\u00e4n valvottua puistotoimintaa rakennuksen yhteyteen, kannustetaan yhteisty\u00f6h\u00f6n eri toimijoiden kesken. Matalan kynnyksen toimintaa ilman kalliita sis\u00e4\u00e4np\u00e4\u00e4sy- ja harrastusmaksuja. R\u00e4ik\u00e4npuiston alueelle voisi mahtua jopa se aikoinaan suunniteltu lasten liikennepuisto, josta edelleen on muistona asfalttirata Aron uimarannan jatkeena.<\/span><\/p>\n<p class=\"p1\"><span class=\"s1\">Yl\u00f6j\u00e4rvell\u00e4 olisi v\u00e4est\u00f6rakenteensakin puolesta paikka t\u00e4llaiselle talolle. Tilastokeskuksen (2019) lukujen mukaan yl\u00f6j\u00e4rvel\u00e4isist\u00e4 21 % oli alle 15-vuotiaita. T\u00e4m\u00e4 kulttuuri-, perhe- tai vaikka monitoimitalo, miksi sit\u00e4 nyt ikin\u00e4 haluttaisiin kutsua, antaisi positiivisen signaalin Yl\u00f6j\u00e4rvest\u00e4 lapsiyst\u00e4v\u00e4llisen\u00e4 kuntana, miss\u00e4 kyseiseen asiaan halutaan my\u00f6s panostaa. <\/span><\/p>\n<p class=\"p1\"><span class=\"s1\">T\u00e4llaiselle laukalle ja r\u00f6nsyille l\u00e4hti oma mielikuvitukseni tuon alussa mainitsemani seminaarin ja sanan kulttuuritalo innostamana. Asiaa puidaan varmasti viel\u00e4 pitk\u00e4\u00e4n ja toivottavasti my\u00f6s kuntalaiset p\u00e4\u00e4sev\u00e4t kertomaan omia ehdotuksiaan vaihtoehdoiksi C, D jne. N\u00e4in t\u00e4st\u00e4 rakennuksesta saadaan varmimmin toimiva ja kuntalaisia laajasti palveleva ilon ja ylpeyden aihe.<\/span><\/p>\n<p>&nbsp;<\/p>\n<p class=\"p1\"><strong>Minna M\u00e4kinen<\/strong><\/p>\n","protected":false},"excerpt":{"rendered":"<p>Osallistuin t\u00e4ss\u00e4 taannoin seminaariin, jossa suunniteltiin Yl\u00f6j\u00e4rven keskustan kehitt\u00e4mist\u00e4. T\u00e4h\u00e4n kokonaisuuteen sis\u00e4ltyy oleellisena asiana kulttuuritalo. Kulttuuritalolle on kaavassa varaus Leija-kirjaston vieress\u00e4 olevalle tyhj\u00e4lle tontille. Kyseess\u00e4 on siis nimenomaan varaus. P\u00e4\u00e4t\u00f6st\u00e4 kulttuuritalon rakentamisesta tai siit\u00e4 mit\u00e4 tuleva rakennus pit\u00e4isi sis\u00e4ll\u00e4\u00e4n, ei ole viel\u00e4 tehty.<\/p>\n","protected":false},"author":9,"featured_media":0,"comment_status":"open","ping_status":"open","sticky":false,"template":"","format":"standard","meta":[],"categories":[17,8],"tags":[9],"yoast_head":"<!-- This site is optimized with the Yoast SEO plugin v15.9 - https:\/\/yoast.com\/wordpress\/plugins\/seo\/ -->\n<title>Lastenkulttuuria Yl\u00f6j\u00e4rvelle &ndash; Juttuliiteri<\/title>\n<meta name=\"robots\" content=\"index, follow, max-snippet:-1, max-image-preview:large, max-video-preview:-1\" \/>\n<link rel=\"canonical\" href=\"http:\/\/ylojarvendemarit.fi\/blogi\/lastenkulttuuria-ylojarvelle\/\" \/>\n<meta property=\"og:locale\" content=\"fi_FI\" \/>\n<meta property=\"og:type\" content=\"article\" \/>\n<meta property=\"og:title\" content=\"Lastenkulttuuria Yl\u00f6j\u00e4rvelle &ndash; Juttuliiteri\" \/>\n<meta property=\"og:description\" content=\"Osallistuin t\u00e4ss\u00e4 taannoin seminaariin, jossa suunniteltiin Yl\u00f6j\u00e4rven keskustan kehitt\u00e4mist\u00e4. T\u00e4h\u00e4n kokonaisuuteen sis\u00e4ltyy oleellisena asiana kulttuuritalo. Kulttuuritalolle on kaavassa varaus Leija-kirjaston vieress\u00e4 olevalle tyhj\u00e4lle tontille. Kyseess\u00e4 on siis nimenomaan varaus. P\u00e4\u00e4t\u00f6st\u00e4 kulttuuritalon rakentamisesta tai siit\u00e4 mit\u00e4 tuleva rakennus pit\u00e4isi sis\u00e4ll\u00e4\u00e4n, ei ole viel\u00e4 tehty.\" \/>\n<meta property=\"og:url\" content=\"http:\/\/ylojarvendemarit.fi\/blogi\/lastenkulttuuria-ylojarvelle\/\" \/>\n<meta property=\"og:site_name\" content=\"Juttuliiteri\" \/>\n<meta property=\"article:publisher\" content=\"https:\/\/www.facebook.com\/Yl%c3%b6j%c3%a4rven-demarit-985780778136959\/\" \/>\n<meta property=\"article:published_time\" content=\"2021-06-08T12:55:22+00:00\" \/>\n<meta property=\"article:modified_time\" content=\"2021-06-08T12:56:37+00:00\" \/>\n<meta name=\"twitter:card\" content=\"summary_large_image\" \/>\n<meta name=\"twitter:label1\" content=\"Est. reading time\">\n\t<meta name=\"twitter:data1\" content=\"2 minuuttia\">\n<script type=\"application\/ld+json\" class=\"yoast-schema-graph\">{\"@context\":\"https:\/\/schema.org\",\"@graph\":[{\"@type\":\"WebSite\",\"@id\":\"http:\/\/ylojarvendemarit.fi\/blogi\/#website\",\"url\":\"http:\/\/ylojarvendemarit.fi\/blogi\/\",\"name\":\"Juttuliiteri\",\"description\":\"Demarien arjen ajatuksia\",\"potentialAction\":[{\"@type\":\"SearchAction\",\"target\":\"http:\/\/ylojarvendemarit.fi\/blogi\/?s={search_term_string}\",\"query-input\":\"required name=search_term_string\"}],\"inLanguage\":\"fi\"},{\"@type\":\"WebPage\",\"@id\":\"http:\/\/ylojarvendemarit.fi\/blogi\/lastenkulttuuria-ylojarvelle\/#webpage\",\"url\":\"http:\/\/ylojarvendemarit.fi\/blogi\/lastenkulttuuria-ylojarvelle\/\",\"name\":\"Lastenkulttuuria Yl\\u00f6j\\u00e4rvelle &ndash; Juttuliiteri\",\"isPartOf\":{\"@id\":\"http:\/\/ylojarvendemarit.fi\/blogi\/#website\"},\"datePublished\":\"2021-06-08T12:55:22+00:00\",\"dateModified\":\"2021-06-08T12:56:37+00:00\",\"author\":{\"@id\":\"http:\/\/ylojarvendemarit.fi\/blogi\/#\/schema\/person\/6b15210dbaa22fe08c2d0be3e841ecbc\"},\"breadcrumb\":{\"@id\":\"http:\/\/ylojarvendemarit.fi\/blogi\/lastenkulttuuria-ylojarvelle\/#breadcrumb\"},\"inLanguage\":\"fi\",\"potentialAction\":[{\"@type\":\"ReadAction\",\"target\":[\"http:\/\/ylojarvendemarit.fi\/blogi\/lastenkulttuuria-ylojarvelle\/\"]}]},{\"@type\":\"BreadcrumbList\",\"@id\":\"http:\/\/ylojarvendemarit.fi\/blogi\/lastenkulttuuria-ylojarvelle\/#breadcrumb\",\"itemListElement\":[{\"@type\":\"ListItem\",\"position\":1,\"item\":{\"@type\":\"WebPage\",\"@id\":\"http:\/\/ylojarvendemarit.fi\/blogi\/\",\"url\":\"http:\/\/ylojarvendemarit.fi\/blogi\/\",\"name\":\"Home\"}},{\"@type\":\"ListItem\",\"position\":2,\"item\":{\"@type\":\"WebPage\",\"@id\":\"http:\/\/ylojarvendemarit.fi\/blogi\/lastenkulttuuria-ylojarvelle\/\",\"url\":\"http:\/\/ylojarvendemarit.fi\/blogi\/lastenkulttuuria-ylojarvelle\/\",\"name\":\"Lastenkulttuuria Yl\\u00f6j\\u00e4rvelle\"}}]},{\"@type\":\"Person\",\"@id\":\"http:\/\/ylojarvendemarit.fi\/blogi\/#\/schema\/person\/6b15210dbaa22fe08c2d0be3e841ecbc\",\"name\":\"Minna M\\u00e4kinen\",\"image\":{\"@type\":\"ImageObject\",\"@id\":\"http:\/\/ylojarvendemarit.fi\/blogi\/#personlogo\",\"inLanguage\":\"fi\",\"url\":\"http:\/\/2.gravatar.com\/avatar\/eb2ffa1653efc147b535c1ddcb996783?s=96&d=mm&r=g\",\"caption\":\"Minna M\\u00e4kinen\"}}]}<\/script>\n<!-- \/ Yoast SEO plugin. -->","_links":{"self":[{"href":"http:\/\/ylojarvendemarit.fi\/blogi\/wp-json\/wp\/v2\/posts\/200"}],"collection":[{"href":"http:\/\/ylojarvendemarit.fi\/blogi\/wp-json\/wp\/v2\/posts"}],"about":[{"href":"http:\/\/ylojarvendemarit.fi\/blogi\/wp-json\/wp\/v2\/types\/post"}],"author":[{"embeddable":true,"href":"http:\/\/ylojarvendemarit.fi\/blogi\/wp-json\/wp\/v2\/users\/9"}],"replies":[{"embeddable":true,"href":"http:\/\/ylojarvendemarit.fi\/blogi\/wp-json\/wp\/v2\/comments?post=200"}],"version-history":[{"count":4,"href":"http:\/\/ylojarvendemarit.fi\/blogi\/wp-json\/wp\/v2\/posts\/200\/revisions"}],"predecessor-version":[{"id":204,"href":"http:\/\/ylojarvendemarit.fi\/blogi\/wp-json\/wp\/v2\/posts\/200\/revisions\/204"}],"wp:attachment":[{"href":"http:\/\/ylojarvendemarit.fi\/blogi\/wp-json\/wp\/v2\/media?parent=200"}],"wp:term":[{"taxonomy":"category","embeddable":true,"href":"http:\/\/ylojarvendemarit.fi\/blogi\/wp-json\/wp\/v2\/categories?post=200"},{"taxonomy":"post_tag","embeddable":true,"href":"http:\/\/ylojarvendemarit.fi\/blogi\/wp-json\/wp\/v2\/tags?post=200"}],"curies":[{"name":"wp","href":"https:\/\/api.w.org\/{rel}","templated":true}]}}