{"id":196,"date":"2021-06-08T15:53:27","date_gmt":"2021-06-08T12:53:27","guid":{"rendered":"http:\/\/ylojarvendemarit.fi\/blogi\/?p=196"},"modified":"2021-06-08T15:57:11","modified_gmt":"2021-06-08T12:57:11","slug":"terveys-edella","status":"publish","type":"post","link":"http:\/\/ylojarvendemarit.fi\/blogi\/terveys-edella\/","title":{"rendered":"Terveys edell\u00e4"},"content":{"rendered":"<h2 class=\"p1\"><span class=\"s1\">SOTE<\/span><\/h2>\n<p class=\"p1\"><span class=\"s1\">Vihdoinkin, aivan kuntavaalien alla uskaltaa jo sanoa, ett\u00e4 sosiaali- ja terveydenhuollon uudistus saadaan <\/span><span class=\"s1\">maaliin. Ainoastaan kire\u00e4 aikataulu saattaa sit\u00e4 uhata. Yli 10 vuoden ajan ovat eri hallituskokoonpanot <\/span><span class=\"s1\">yritt\u00e4neet rakenneuudistusta saada eduskunnassa l\u00e4pi, mutta useimmiten esitykset ovat kaatuneet <\/span><span class=\"s1\">perustuslakivaliokuntaan.<\/span><\/p>\n<p class=\"p1\"><!--more--><\/p>\n<p class=\"p1\"><span class=\"s1\">T\u00e4ll\u00e4 kertaa lakiuudistuspaketti on l\u00e4p\u00e4issyt mainitun valiokunnan k\u00e4sittelyn ja <\/span><span class=\"s1\">sosiaali- ja terveysvaliokunta k\u00e4y parhaillaan saatuja korjausehdotuksia l\u00e4pi. Mik\u00e4li eduskunta ehtii <\/span><span class=\"s1\">lakipaketin hyv\u00e4ksy\u00e4 ennen kes\u00e4taukoaan, on meill\u00e4 tammikuussa seuraavat, hyvinvointialueiden valtuustoja koskevat vaalit. <\/span><span class=\"s1\">Eduskunnassa oppositio yritti kaataa esityksen tekem\u00e4ll\u00e4 asiasta v\u00e4likysymyksen. T\u00e4ystyrm\u00e4ys tuntuu <\/span><span class=\"s1\">omituiselta, sill\u00e4 esimerkiksi kokoomus on omalla p\u00e4\u00e4ministerikaudellaan esitt\u00e4nyt l\u00e4hes samanlaisen <\/span><span class=\"s1\">lakiuudistuksen. Ehk\u00e4 vastustus on nyt kovaa siksi, ett\u00e4 Marinin hallituksen esitys ei sis\u00e4ll\u00e4 3 miljardin <\/span><span class=\"s1\">leikkausta eik\u00e4 pakkoyhti\u00f6itt\u00e4mist\u00e4.<\/span><\/p>\n<p class=\"p1\"><span class=\"s1\">Sote-uudistuksessa on viime k\u00e4dess\u00e4 kyse ihmisten yhdenvertaisten julkisten palveluiden turvaamisesta ja <\/span><span class=\"s1\">hoitoon p\u00e4\u00e4syst\u00e4 jonottamatta. Pelottelu Coxan ja Syd\u00e4nsairaalan toiminnan vaarantumisesta on turhaa. <\/span><span class=\"s1\">Molempien toiminta jatkuu t\u00e4ysin entiseen malliin. Samoin monituottajamalli ja palvelusetelitoiminta <\/span><span class=\"s1\">s\u00e4ilyv\u00e4t uudistuksessa. <\/span><span class=\"s1\">Soteen liittyv\u00e4 asiakasmaksulaki tulee voimaan jo hein\u00e4kuussa, silloin l\u00e4hes miljoonan suomalaisen maksut <\/span><span class=\"s1\">laskevat (ja kuntien tulot pienenev\u00e4t), kun tehostetun palveluasumisen maksut m\u00e4\u00e4r\u00e4ytyv\u00e4t <\/span><span class=\"s1\">uudelleen. Vuoden 2022 alusta maksukattoon lasketaan my\u00f6s suun terveydenhoito ja terapia. <\/span><span class=\"s1\">Vanhuspalveluihin ja lastensuojeluun tulee henkil\u00f6st\u00f6mitoitukseen liittyvi\u00e4 panostuksia.<\/span><\/p>\n<p>&nbsp;<\/p>\n<h2 class=\"p1\"><span class=\"s1\">KORONA<\/span><\/h2>\n<p class=\"p1\"><span class=\"s1\">Viime vuodesta laaditun hyvinvointiraportin mukaan koronaepidemia uhkasi Yl\u00f6j\u00e4rven v\u00e4est\u00f6n terveytt\u00e4 <\/span><span class=\"s1\">monin tavoin, vaikkakin vain alle puoli prosenttia kaupungin v\u00e4est\u00f6st\u00e4 sairasti Covid-19 viruksen <\/span><span class=\"s1\">aiheuttaman taudin. Viranomaisten rajoitustoimet koskettivat l\u00e4hes jokaisen yl\u00f6j\u00e4rvel\u00e4isen el\u00e4m\u00e4\u00e4 rajoittaen kanssak\u00e4ymist\u00e4 ja osallisuutta. <\/span><span class=\"s1\">Yksin\u00e4isyyden tuottamasta pahasta olosta k\u00e4rsiv\u00e4t niin nuoret kuin vanhatkin. Varsinkin viime kev\u00e4\u00e4n\u00e4 <\/span><span class=\"s1\">laitoksissa olevien vanhusten tilanne oli huolestuttava, kun omaiset eiv\u00e4t p\u00e4\u00e4sseet tapaamaan heit\u00e4. <\/span><\/p>\n<p class=\"p1\"><span class=\"s1\">Lapset alkoivat oireilla et\u00e4opetuksesta johtuen ja kun eiv\u00e4t voineet harrastuksissa tavata kavereitaan. <\/span><span class=\"s1\">Huolestuttavaa on, ett\u00e4 lastensuojelun ilmoituksissa tapahtui selke\u00e4 kasvu. <\/span><span class=\"s1\">Eniten huolissaan pit\u00e4\u00e4 olla nuorten mielenterveydest\u00e4. Mielenterveyspalvelut ovat pahasti ruuhkautuneet ja esim.Taysin nuorisopsykiatrille on joutunut jonottamaan jopa l\u00e4hes vuoden. Koronaa ei voi tietenk\u00e4\u00e4n <\/span><span class=\"s1\">yksist\u00e4\u00e4n tilanteesta syytt\u00e4\u00e4, mutta vaikutusta sill\u00e4 on ollut.<\/span><\/p>\n<p class=\"p1\"><span class=\"s1\">Tays joutui vuosi sitten peruuttamaan kiireett\u00f6m\u00e4n hoidon aikoja, mist\u00e4 aiheutui jonoja erikoissairaanhoitoon p\u00e4\u00e4syss\u00e4. Osittain se johtui ihmisist\u00e4 itsest\u00e4\u00e4n, kun tarjottuja hoitoja ei silloin uskallettu ottaa vastaan. Nyt jonot on saatu purettua. Hoitamatta j\u00e4\u00e4neet ja piilossa olevat sairaudet aiheuttivat hoitovelkaa, josta aiheutuu paineita perusterveydenhuollolle viel\u00e4 pitk\u00e4\u00e4n. Samoin haasteena tulevat olemaan sosiaalipalveluihin kohdistuvat paineet.<\/span><\/p>\n<p class=\"p1\"><span class=\"s1\">Jotain my\u00f6nteist\u00e4kin on ollut havaittavissa: et\u00e4ty\u00f6t ja et\u00e4koulunk\u00e4ynti muuttivat perhedynamiikkaa ja aikaa <\/span><span class=\"s1\">keskin\u00e4iseen yhdess\u00e4oloon oli enemm\u00e4n. Elintavoissa huomattiin my\u00f6nteist\u00e4 kehityst\u00e4 mm. ruokaa <\/span><span class=\"s1\">valmistettiin kotona entist\u00e4 enemm\u00e4n ja perheitten yhteinen liikunnan harrastaminen lis\u00e4\u00e4ntyi.<\/span><\/p>\n<p class=\"p1\"><span class=\"s1\">Hyvinvointiraporttiin koottua tietoa pit\u00e4\u00e4 hy\u00f6dynt\u00e4\u00e4. Koronan vaikutukset on arvioitava ja laadittava <\/span><span class=\"s1\">suunnitelma miten korjataan aiheutuneita haittoja. Kaupungin henkil\u00f6st\u00f6 on joutunut ty\u00f6skentelem\u00e4\u00e4n <\/span><span class=\"s1\">eritt\u00e4in poikkeuksellisissa olosuhteissa. Erityisesti sosiaali- ja terveydenhuollon henkil\u00f6st\u00f6 on antanut <\/span><span class=\"s1\">kaikkensa, mutta kaikissa muissakin yksik\u00f6iss\u00e4 on jouduttu huomattavasti venym\u00e4\u00e4n. N\u00e4in my\u00f6s yksityisen <\/span><span class=\"s1\">sektorin palveluteht\u00e4viss\u00e4. Kaikki ansaitsevat asukkaitten kiitoksen!<\/span><\/p>\n<p>&nbsp;<\/p>\n<h2 class=\"p1\"><span class=\"s1\">HYVINVOIVA YL\u00d6J\u00c4RVI<\/span><\/h2>\n<p class=\"p1\"><span class=\"s1\">Sote-uudistuksen toteutuessa kuntien hoidettavaksi j\u00e4\u00e4v\u00e4t edelleen kaavoitus, varhaiskasvatus ja <\/span><span class=\"s1\">sivistyspalvelut sek\u00e4 ehk\u00e4isev\u00e4 terveydenhuolto. Juuri ehk\u00e4isev\u00e4\u00e4n, terveytt\u00e4 edist\u00e4v\u00e4\u00e4n <\/span><span class=\"s1\">el\u00e4m\u00e4ntapaneuvontaan ja -ohjaukseen on satsattava entist\u00e4 enemm\u00e4n. Oikea-aikaisilla hoitotoimenpiteill\u00e4 ja terveytt\u00e4 yll\u00e4pit\u00e4vill\u00e4 ratkaisuilla voimme v\u00e4hent\u00e4\u00e4 ja jopa ehk\u00e4ist\u00e4 yl\u00f6j\u00e4rvel\u00e4isten joutumista kalliin <\/span><span class=\"s1\">erikoissairaanhoidon piiriin. Demareiden valtuustoaloite jalkaterapeutin saamiseksi terveyskeskukseen on <\/span><span class=\"s1\">hyv\u00e4 esimerkki diabeteksen ennalta ehk\u00e4isev\u00e4st\u00e4 hoidosta.<\/span><\/p>\n<p class=\"p1\"><span class=\"s1\">Hyv\u00e4 yhteisty\u00f6 uuden hyvinvointialueen kanssa turvaa meille l\u00e4hipalvelut. <\/span><span class=\"s1\">Kaupungin vastuulle j\u00e4\u00e4 uudistuksen j\u00e4lkeen varsin laaja teht\u00e4v\u00e4alue, joka kokonaisuudessaan vaikuttaa <\/span><span class=\"s1\">kuntalaisten hyvinvointiin. Siksi jokainen kaupungissa tehty p\u00e4\u00e4t\u00f6s on terveysp\u00e4\u00e4t\u00f6s.<\/span><\/p>\n<p>&nbsp;<\/p>\n<p class=\"p4\"><strong>Leena Mankkinen<\/strong><\/p>\n","protected":false},"excerpt":{"rendered":"<p>SOTE Vihdoinkin, aivan kuntavaalien alla uskaltaa jo sanoa, ett\u00e4 sosiaali- ja terveydenhuollon uudistus saadaan maaliin. Ainoastaan kire\u00e4 aikataulu saattaa sit\u00e4 uhata. Yli 10 vuoden ajan ovat eri hallituskokoonpanot yritt\u00e4neet rakenneuudistusta saada eduskunnassa l\u00e4pi, mutta useimmiten esitykset ovat kaatuneet perustuslakivaliokuntaan.<\/p>\n","protected":false},"author":6,"featured_media":0,"comment_status":"open","ping_status":"open","sticky":false,"template":"","format":"standard","meta":[],"categories":[17,8],"tags":[9,18],"yoast_head":"<!-- This site is optimized with the Yoast SEO plugin v15.9 - https:\/\/yoast.com\/wordpress\/plugins\/seo\/ -->\n<title>Terveys edell\u00e4 &ndash; Juttuliiteri<\/title>\n<meta name=\"robots\" content=\"index, follow, max-snippet:-1, max-image-preview:large, max-video-preview:-1\" \/>\n<link rel=\"canonical\" href=\"http:\/\/ylojarvendemarit.fi\/blogi\/terveys-edella\/\" \/>\n<meta property=\"og:locale\" content=\"fi_FI\" \/>\n<meta property=\"og:type\" content=\"article\" \/>\n<meta property=\"og:title\" content=\"Terveys edell\u00e4 &ndash; Juttuliiteri\" \/>\n<meta property=\"og:description\" content=\"SOTE Vihdoinkin, aivan kuntavaalien alla uskaltaa jo sanoa, ett\u00e4 sosiaali- ja terveydenhuollon uudistus saadaan maaliin. Ainoastaan kire\u00e4 aikataulu saattaa sit\u00e4 uhata. Yli 10 vuoden ajan ovat eri hallituskokoonpanot yritt\u00e4neet rakenneuudistusta saada eduskunnassa l\u00e4pi, mutta useimmiten esitykset ovat kaatuneet perustuslakivaliokuntaan.\" \/>\n<meta property=\"og:url\" content=\"http:\/\/ylojarvendemarit.fi\/blogi\/terveys-edella\/\" \/>\n<meta property=\"og:site_name\" content=\"Juttuliiteri\" \/>\n<meta property=\"article:publisher\" content=\"https:\/\/www.facebook.com\/Yl%c3%b6j%c3%a4rven-demarit-985780778136959\/\" \/>\n<meta property=\"article:published_time\" content=\"2021-06-08T12:53:27+00:00\" \/>\n<meta property=\"article:modified_time\" content=\"2021-06-08T12:57:11+00:00\" \/>\n<meta name=\"twitter:card\" content=\"summary_large_image\" \/>\n<meta name=\"twitter:label1\" content=\"Est. reading time\">\n\t<meta name=\"twitter:data1\" content=\"3 minuuttia\">\n<script type=\"application\/ld+json\" class=\"yoast-schema-graph\">{\"@context\":\"https:\/\/schema.org\",\"@graph\":[{\"@type\":\"WebSite\",\"@id\":\"http:\/\/ylojarvendemarit.fi\/blogi\/#website\",\"url\":\"http:\/\/ylojarvendemarit.fi\/blogi\/\",\"name\":\"Juttuliiteri\",\"description\":\"Demarien arjen ajatuksia\",\"potentialAction\":[{\"@type\":\"SearchAction\",\"target\":\"http:\/\/ylojarvendemarit.fi\/blogi\/?s={search_term_string}\",\"query-input\":\"required name=search_term_string\"}],\"inLanguage\":\"fi\"},{\"@type\":\"WebPage\",\"@id\":\"http:\/\/ylojarvendemarit.fi\/blogi\/terveys-edella\/#webpage\",\"url\":\"http:\/\/ylojarvendemarit.fi\/blogi\/terveys-edella\/\",\"name\":\"Terveys edell\\u00e4 &ndash; Juttuliiteri\",\"isPartOf\":{\"@id\":\"http:\/\/ylojarvendemarit.fi\/blogi\/#website\"},\"datePublished\":\"2021-06-08T12:53:27+00:00\",\"dateModified\":\"2021-06-08T12:57:11+00:00\",\"author\":{\"@id\":\"http:\/\/ylojarvendemarit.fi\/blogi\/#\/schema\/person\/4771ca158294b6a3b047d8c984ffd374\"},\"breadcrumb\":{\"@id\":\"http:\/\/ylojarvendemarit.fi\/blogi\/terveys-edella\/#breadcrumb\"},\"inLanguage\":\"fi\",\"potentialAction\":[{\"@type\":\"ReadAction\",\"target\":[\"http:\/\/ylojarvendemarit.fi\/blogi\/terveys-edella\/\"]}]},{\"@type\":\"BreadcrumbList\",\"@id\":\"http:\/\/ylojarvendemarit.fi\/blogi\/terveys-edella\/#breadcrumb\",\"itemListElement\":[{\"@type\":\"ListItem\",\"position\":1,\"item\":{\"@type\":\"WebPage\",\"@id\":\"http:\/\/ylojarvendemarit.fi\/blogi\/\",\"url\":\"http:\/\/ylojarvendemarit.fi\/blogi\/\",\"name\":\"Home\"}},{\"@type\":\"ListItem\",\"position\":2,\"item\":{\"@type\":\"WebPage\",\"@id\":\"http:\/\/ylojarvendemarit.fi\/blogi\/terveys-edella\/\",\"url\":\"http:\/\/ylojarvendemarit.fi\/blogi\/terveys-edella\/\",\"name\":\"Terveys edell\\u00e4\"}}]},{\"@type\":\"Person\",\"@id\":\"http:\/\/ylojarvendemarit.fi\/blogi\/#\/schema\/person\/4771ca158294b6a3b047d8c984ffd374\",\"name\":\"Leena Mankkinen\",\"image\":{\"@type\":\"ImageObject\",\"@id\":\"http:\/\/ylojarvendemarit.fi\/blogi\/#personlogo\",\"inLanguage\":\"fi\",\"url\":\"http:\/\/2.gravatar.com\/avatar\/bd91e63eb3985aa1979ebe004abb8367?s=96&d=mm&r=g\",\"caption\":\"Leena Mankkinen\"}}]}<\/script>\n<!-- \/ Yoast SEO plugin. -->","_links":{"self":[{"href":"http:\/\/ylojarvendemarit.fi\/blogi\/wp-json\/wp\/v2\/posts\/196"}],"collection":[{"href":"http:\/\/ylojarvendemarit.fi\/blogi\/wp-json\/wp\/v2\/posts"}],"about":[{"href":"http:\/\/ylojarvendemarit.fi\/blogi\/wp-json\/wp\/v2\/types\/post"}],"author":[{"embeddable":true,"href":"http:\/\/ylojarvendemarit.fi\/blogi\/wp-json\/wp\/v2\/users\/6"}],"replies":[{"embeddable":true,"href":"http:\/\/ylojarvendemarit.fi\/blogi\/wp-json\/wp\/v2\/comments?post=196"}],"version-history":[{"count":4,"href":"http:\/\/ylojarvendemarit.fi\/blogi\/wp-json\/wp\/v2\/posts\/196\/revisions"}],"predecessor-version":[{"id":205,"href":"http:\/\/ylojarvendemarit.fi\/blogi\/wp-json\/wp\/v2\/posts\/196\/revisions\/205"}],"wp:attachment":[{"href":"http:\/\/ylojarvendemarit.fi\/blogi\/wp-json\/wp\/v2\/media?parent=196"}],"wp:term":[{"taxonomy":"category","embeddable":true,"href":"http:\/\/ylojarvendemarit.fi\/blogi\/wp-json\/wp\/v2\/categories?post=196"},{"taxonomy":"post_tag","embeddable":true,"href":"http:\/\/ylojarvendemarit.fi\/blogi\/wp-json\/wp\/v2\/tags?post=196"}],"curies":[{"name":"wp","href":"https:\/\/api.w.org\/{rel}","templated":true}]}}