{"id":188,"date":"2021-06-08T15:45:58","date_gmt":"2021-06-08T12:45:58","guid":{"rendered":"http:\/\/ylojarvendemarit.fi\/blogi\/?p=188"},"modified":"2021-06-08T15:45:58","modified_gmt":"2021-06-08T12:45:58","slug":"tekninen-kehitys-ei-ole-mo%cc%88rko%cc%88","status":"publish","type":"post","link":"http:\/\/ylojarvendemarit.fi\/blogi\/tekninen-kehitys-ei-ole-mo%cc%88rko%cc%88\/","title":{"rendered":"Tekninen kehitys ei ole mo\u0308rko\u0308"},"content":{"rendered":"<p class=\"p1\"><span class=\"s1\">Tekniikka ei ole peikko, vaan mahdollistaa kuntatalouden s\u00e4\u00e4st\u00f6t<\/span><\/p>\n<p class=\"p1\"><span class=\"s1\">Tekniikan kehitys eteni huimasti edellisell\u00e4 vuosisadalla. T\u00e4m\u00e4n kehityksen turvin kyettiin kevent\u00e4m\u00e4\u00e4n fyysisen ty\u00f6n rasittavuutta enemm\u00e4n kuin koskaan aiemmin tai kenties koskaan tulevaisuudessa en\u00e4\u00e4 pystyt\u00e4\u00e4n.<\/span><\/p>\n<p><!--more--><\/p>\n<p class=\"p1\"><span class=\"s1\">Ajatellaanpa vaikka itseliikkuvia kulkupelej\u00e4, automobiileja, joista h\u00f6yryll\u00e4 k\u00e4yv\u00e4t ovat jo vuosisatojen takaa. H\u00f6yrykattilalle etsittiin vaihtoehtoa ja 1800-luvulla kehitettiin ensimm\u00e4iset s\u00e4hk\u00f6- tai kaasuautot. Kummankaan teknologia ei tuolloin ollut kyllin kehittynytt\u00e4, mutta vuonna 1885 polttomoottoriauto n\u00e4ki p\u00e4iv\u00e4nvalon ja siit\u00e4 l\u00e4htien on autokanta kasvanut. T\u00e4n\u00e4 p\u00e4iv\u00e4n\u00e4 teknologia mahdollistaa my\u00f6s kaasun ja s\u00e4hk\u00f6n k\u00e4yt\u00f6n vaihtoehtona polttomoottorille ja se on hyv\u00e4, sill\u00e4 \u00f6ljy tulee v\u00e4\u00e4j\u00e4\u00e4m\u00e4tt\u00e4 jonain p\u00e4iv\u00e4n\u00e4 loppumaan. Uskon vahvasti, ettei kehitys autoilussa pys\u00e4hdy nykyhetkeen, vaan ratkaisujen l\u00f6yt\u00e4miseksi tutkimus- ja kehitysty\u00f6t\u00e4 jatketaan. Tulevaisuus tuo tullessaan jotain sellaista, jota emme ole tulleet edes ajatelleeksi. <\/span><\/p>\n<p class=\"p1\"><span class=\"s1\">Pyykkikone oli ihme viel\u00e4 minun isovanhempieni perustaessa perheit\u00e4\u00e4n toisen maailmansodan mainingeissa, nyt se l\u00f6ytyy liki jokaisesta taloudesta. Ajatellaanpa mit\u00e4 hy\u00f6ty\u00e4 meille on siit\u00e4 ollut? Historian valossa katsottuna tied\u00e4mme naisten vastanneen kodin askareista ja kotit\u00f6iden vieneen suurimman osan ajasta. Jos yh\u00e4 edelleen olisimme kiinni vuosituhantisessa rutiinissa pest\u00e4 pyykki k\u00e4sin, ei edelleenk\u00e4\u00e4n olisi pyykk\u00e4\u00e4miselt\u00e4 ja vedenkannolta j\u00e4\u00e4nyt aikaa muuhun. Tarkoitan aikaa niinkin t\u00e4rke\u00e4\u00e4n asiaan kuin koulunk\u00e4yntiin ja itsens\u00e4 kehitt\u00e4miseen. <\/span><\/p>\n<p class=\"p1\"><span class=\"s1\">Hehkulampun keksimisen j\u00e4lkeen saimme pirtteihin ja tehtaisiin valaistuksen. Ei t\u00e4ss\u00e4k\u00e4\u00e4n kehitys pys\u00e4htynyt, vaan nyt voimme ty\u00f6skennell\u00e4 tehokkaan, energiaa s\u00e4\u00e4st\u00e4v\u00e4n, valaistuksen turvin tai kulkea pime\u00e4n aikaan valaistuilla teill\u00e4 turvallisesti. Emme en\u00e4\u00e4 kommunikoi kesken\u00e4mme savumerkkien, emme edes lankapuhelinten v\u00e4lityksell\u00e4. Fyysinen ty\u00f6 on keventynyt lukuisten moottorik\u00e4ytt\u00f6isten laitteiden my\u00f6t\u00e4, samalla \u00f6ljyn ja s\u00e4hk\u00f6n kulutus on lis\u00e4\u00e4ntynyt. <\/span><\/p>\n<p class=\"p1\"><span class=\"s1\">Teknologinen kehitys on osaltaan siis avannut mahdollisuuden oppia lukemaan, kirjoittamaan ja laskemaan. Suomessa on t\u00e4m\u00e4 mahdollisuus kaikilla ollut jo pitk\u00e4\u00e4n, kiitos pohjoismaisen hyvinvointiyhteiskunnan. On ollut mahdollista opiskella itselleen ammatti &#8211; k\u00e4dentaitajiksi vaativiin ammatteihin yritysel\u00e4m\u00e4n palvelukseen, arvokkaaseen hoivaty\u00f6h\u00f6n, tutkijoiksi ja insin\u00f6\u00f6reiksi luomaan ja kehitt\u00e4m\u00e4\u00e4n uusia ratkaisuja tai tuotteita arkea tai ty\u00f6ntekoa helpottamaan.<\/span><\/p>\n<p class=\"p1\"><span class=\"s1\">Kaikki edell\u00e4 olevat esimerkit osoittavat, ett\u00e4 tekninen kehitys menee v\u00e4\u00e4j\u00e4\u00e4m\u00e4tt\u00e4 eteenp\u00e4in ja on hyv\u00e4 ottaa se avoimin mielin vastaan. Koulutuksen turvin yrityksiss\u00e4mme on kyetty innovoimaan ja viem\u00e4\u00e4n n\u00e4it\u00e4 kehitysty\u00f6n hedelmi\u00e4 my\u00f6s Suomen ulkopuolelle. Meill\u00e4 on oltava rohkeutta olla edell\u00e4k\u00e4vij\u00e4 kehityksess\u00e4, koska se on meid\u00e4n valttimme maailmalla. Yl\u00f6j\u00e4rvell\u00e4 on monia kansainv\u00e4lisesti menestyvi\u00e4 yrityksi\u00e4 ja tulevaisuudessakin haluamme olla houkutteleva vaihtoehto yritt\u00e4jille. <\/span><\/p>\n<p class=\"p1\"><span class=\"s1\">Asioilla on kuitenkin monta puolta. Liikkumiseen, l\u00e4mmitykseen\/j\u00e4\u00e4hdytykseen ja tavaroiden valmistamiseen vaaditaan energiaa ja luonnonvaroja. Kummankin kulutus on viimeisen sadan vuoden aikana lis\u00e4\u00e4ntynyt r\u00e4j\u00e4hdysm\u00e4isesti. On ensisijaisen t\u00e4rke\u00e4\u00e4 ottaa asiantuntijoiden viesti ilmastonmuutoksesta tosissaan ja tehd\u00e4 viipym\u00e4tt\u00e4 pys\u00e4ytt\u00e4vi\u00e4 toimia. Tuottaa s\u00e4hk\u00f6\u00e4 ja energiaa ekologisesti sek\u00e4 kehitt\u00e4\u00e4 energiatehokkaampia laitteita. Haluammehan j\u00e4tt\u00e4\u00e4 t\u00e4m\u00e4n maan ja maapallo my\u00f6s lastenlapsillemme elinkelpoisena? <\/span><\/p>\n<p class=\"p1\"><span class=\"s1\">Ilmastonmuutos on tosiasia. Ravinnon ja veden v\u00e4heneminen aiheuttaa ep\u00e4vakautta ja voi johtaa aseellisiin konflikteihin. T\u00e4m\u00e4n seurauksena ihmiset joutuvat siirtym\u00e4\u00e4n kotiseuduiltaan elinkelpoisille alueille. Niinp\u00e4 meid\u00e4n on kannettava huolta ja huolehdittava asioista globaalisti. Nyt toimien voimme tehd\u00e4 tekoja tulevaisuuden eteen ja t\u00e4t\u00e4 ty\u00f6t\u00e4 voidaan ja pit\u00e4\u00e4 tehd\u00e4 my\u00f6s kunnissa. Yl\u00f6j\u00e4rvell\u00e4 voidaan olla edell\u00e4k\u00e4vij\u00e4n roolissa. Esimerkiksi aurinkoenergia on nykytekniikalla tehokkaasti hy\u00f6dynnett\u00e4viss\u00e4 kaikissa kaupungin kiinteist\u00f6iss\u00e4, joten on luotava strategia ja suunnitelma siit\u00e4, miten vuositasolla tietty m\u00e4\u00e4r\u00e4 n\u00e4ist\u00e4 kiinteist\u00f6ist\u00e4 siirtyy k\u00e4ytt\u00e4m\u00e4\u00e4n aurinkos\u00e4hk\u00f6\u00e4. <\/span><\/p>\n<p class=\"p1\"><span class=\"s1\">Vaikka investoimme uuteen, se ei tarkoita pelkki\u00e4 menoja vaan my\u00f6s s\u00e4\u00e4st\u00f6\u00e4 kuntatalouteen ja ty\u00f6llist\u00e4\u00e4 samalla paikallisia yritt\u00e4ji\u00e4. Kun puhutaan s\u00e4\u00e4st\u00f6ist\u00e4, on asioita mitattava hieman pidemm\u00e4ll\u00e4 aikaperspektiivill\u00e4. Kuten edell\u00e4 havaitsimme, asiat eiv\u00e4t ole toisistaan erillisi\u00e4, vaan vahvasti riippuvaisia toisistaan. Siksi onkin ehdottoman t\u00e4rke\u00e4\u00e4, ett\u00e4 emme n\u00e4e muutosta peikkona, vaan olemme valmiita ottamaan askeleen tulevaisuuden hyv\u00e4ksi. On t\u00e4rke\u00e4\u00e4 n\u00e4hd\u00e4 muutoksen tarve ja valita siihen kykenevi\u00e4 p\u00e4\u00e4tt\u00e4ji\u00e4 jo kuntatasolla. Me sosialidemokraatit teemme ty\u00f6t\u00e4 tulevaisuuden eteen. <\/span><\/p>\n<p class=\"p1\"><span class=\"s1\">Pidet\u00e4\u00e4n huolta Yl\u00f6j\u00e4rvest\u00e4. Yl\u00f6j\u00e4rvi pit\u00e4\u00e4 huolta sinusta.<\/span><\/p>\n<p>&nbsp;<\/p>\n<p class=\"p2\"><strong><span class=\"s1\">P\u00e4ivi Stenman<br \/>\n<\/span><\/strong>s\u00e4hk\u00f6insin\u00f6\u00f6ri<br \/>\n<span class=\"s1\">kuntavaaliehdokas<\/span><\/p>\n","protected":false},"excerpt":{"rendered":"<p>Tekniikka ei ole peikko, vaan mahdollistaa kuntatalouden s\u00e4\u00e4st\u00f6t Tekniikan kehitys eteni huimasti edellisell\u00e4 vuosisadalla. T\u00e4m\u00e4n kehityksen turvin kyettiin kevent\u00e4m\u00e4\u00e4n fyysisen ty\u00f6n rasittavuutta enemm\u00e4n kuin koskaan aiemmin tai kenties koskaan tulevaisuudessa en\u00e4\u00e4 pystyt\u00e4\u00e4n.<\/p>\n","protected":false},"author":13,"featured_media":0,"comment_status":"open","ping_status":"open","sticky":false,"template":"","format":"standard","meta":[],"categories":[6,8],"tags":[7,13],"yoast_head":"<!-- This site is optimized with the Yoast SEO plugin v15.9 - https:\/\/yoast.com\/wordpress\/plugins\/seo\/ -->\n<title>Tekninen kehitys ei ole mo\u0308rko\u0308 &ndash; Juttuliiteri<\/title>\n<meta name=\"robots\" content=\"index, follow, max-snippet:-1, max-image-preview:large, max-video-preview:-1\" \/>\n<link rel=\"canonical\" href=\"http:\/\/ylojarvendemarit.fi\/blogi\/tekninen-kehitys-ei-ole-mo\u0308rko\u0308\/\" \/>\n<meta property=\"og:locale\" content=\"fi_FI\" \/>\n<meta property=\"og:type\" content=\"article\" \/>\n<meta property=\"og:title\" content=\"Tekninen kehitys ei ole mo\u0308rko\u0308 &ndash; Juttuliiteri\" \/>\n<meta property=\"og:description\" content=\"Tekniikka ei ole peikko, vaan mahdollistaa kuntatalouden s\u00e4\u00e4st\u00f6t Tekniikan kehitys eteni huimasti edellisell\u00e4 vuosisadalla. T\u00e4m\u00e4n kehityksen turvin kyettiin kevent\u00e4m\u00e4\u00e4n fyysisen ty\u00f6n rasittavuutta enemm\u00e4n kuin koskaan aiemmin tai kenties koskaan tulevaisuudessa en\u00e4\u00e4 pystyt\u00e4\u00e4n.\" \/>\n<meta property=\"og:url\" content=\"http:\/\/ylojarvendemarit.fi\/blogi\/tekninen-kehitys-ei-ole-mo\u0308rko\u0308\/\" \/>\n<meta property=\"og:site_name\" content=\"Juttuliiteri\" \/>\n<meta property=\"article:publisher\" content=\"https:\/\/www.facebook.com\/Yl%c3%b6j%c3%a4rven-demarit-985780778136959\/\" \/>\n<meta property=\"article:published_time\" content=\"2021-06-08T12:45:58+00:00\" \/>\n<meta name=\"twitter:card\" content=\"summary_large_image\" \/>\n<meta name=\"twitter:label1\" content=\"Est. reading time\">\n\t<meta name=\"twitter:data1\" content=\"3 minuuttia\">\n<script type=\"application\/ld+json\" class=\"yoast-schema-graph\">{\"@context\":\"https:\/\/schema.org\",\"@graph\":[{\"@type\":\"WebSite\",\"@id\":\"http:\/\/ylojarvendemarit.fi\/blogi\/#website\",\"url\":\"http:\/\/ylojarvendemarit.fi\/blogi\/\",\"name\":\"Juttuliiteri\",\"description\":\"Demarien arjen ajatuksia\",\"potentialAction\":[{\"@type\":\"SearchAction\",\"target\":\"http:\/\/ylojarvendemarit.fi\/blogi\/?s={search_term_string}\",\"query-input\":\"required name=search_term_string\"}],\"inLanguage\":\"fi\"},{\"@type\":\"WebPage\",\"@id\":\"http:\/\/ylojarvendemarit.fi\/blogi\/tekninen-kehitys-ei-ole-mo%cc%88rko%cc%88\/#webpage\",\"url\":\"http:\/\/ylojarvendemarit.fi\/blogi\/tekninen-kehitys-ei-ole-mo%cc%88rko%cc%88\/\",\"name\":\"Tekninen kehitys ei ole mo\\u0308rko\\u0308 &ndash; Juttuliiteri\",\"isPartOf\":{\"@id\":\"http:\/\/ylojarvendemarit.fi\/blogi\/#website\"},\"datePublished\":\"2021-06-08T12:45:58+00:00\",\"dateModified\":\"2021-06-08T12:45:58+00:00\",\"author\":{\"@id\":\"http:\/\/ylojarvendemarit.fi\/blogi\/#\/schema\/person\/7e1543e7edced6f2979af737370f26dc\"},\"breadcrumb\":{\"@id\":\"http:\/\/ylojarvendemarit.fi\/blogi\/tekninen-kehitys-ei-ole-mo%cc%88rko%cc%88\/#breadcrumb\"},\"inLanguage\":\"fi\",\"potentialAction\":[{\"@type\":\"ReadAction\",\"target\":[\"http:\/\/ylojarvendemarit.fi\/blogi\/tekninen-kehitys-ei-ole-mo%cc%88rko%cc%88\/\"]}]},{\"@type\":\"BreadcrumbList\",\"@id\":\"http:\/\/ylojarvendemarit.fi\/blogi\/tekninen-kehitys-ei-ole-mo%cc%88rko%cc%88\/#breadcrumb\",\"itemListElement\":[{\"@type\":\"ListItem\",\"position\":1,\"item\":{\"@type\":\"WebPage\",\"@id\":\"http:\/\/ylojarvendemarit.fi\/blogi\/\",\"url\":\"http:\/\/ylojarvendemarit.fi\/blogi\/\",\"name\":\"Home\"}},{\"@type\":\"ListItem\",\"position\":2,\"item\":{\"@type\":\"WebPage\",\"@id\":\"http:\/\/ylojarvendemarit.fi\/blogi\/tekninen-kehitys-ei-ole-mo%cc%88rko%cc%88\/\",\"url\":\"http:\/\/ylojarvendemarit.fi\/blogi\/tekninen-kehitys-ei-ole-mo%cc%88rko%cc%88\/\",\"name\":\"Tekninen kehitys ei ole mo\\u0308rko\\u0308\"}}]},{\"@type\":\"Person\",\"@id\":\"http:\/\/ylojarvendemarit.fi\/blogi\/#\/schema\/person\/7e1543e7edced6f2979af737370f26dc\",\"name\":\"P\\u00e4ivi Stenman\",\"image\":{\"@type\":\"ImageObject\",\"@id\":\"http:\/\/ylojarvendemarit.fi\/blogi\/#personlogo\",\"inLanguage\":\"fi\",\"url\":\"http:\/\/1.gravatar.com\/avatar\/702f98b2684befe798f64f4456b6e243?s=96&d=mm&r=g\",\"caption\":\"P\\u00e4ivi Stenman\"}}]}<\/script>\n<!-- \/ Yoast SEO plugin. -->","_links":{"self":[{"href":"http:\/\/ylojarvendemarit.fi\/blogi\/wp-json\/wp\/v2\/posts\/188"}],"collection":[{"href":"http:\/\/ylojarvendemarit.fi\/blogi\/wp-json\/wp\/v2\/posts"}],"about":[{"href":"http:\/\/ylojarvendemarit.fi\/blogi\/wp-json\/wp\/v2\/types\/post"}],"author":[{"embeddable":true,"href":"http:\/\/ylojarvendemarit.fi\/blogi\/wp-json\/wp\/v2\/users\/13"}],"replies":[{"embeddable":true,"href":"http:\/\/ylojarvendemarit.fi\/blogi\/wp-json\/wp\/v2\/comments?post=188"}],"version-history":[{"count":2,"href":"http:\/\/ylojarvendemarit.fi\/blogi\/wp-json\/wp\/v2\/posts\/188\/revisions"}],"predecessor-version":[{"id":190,"href":"http:\/\/ylojarvendemarit.fi\/blogi\/wp-json\/wp\/v2\/posts\/188\/revisions\/190"}],"wp:attachment":[{"href":"http:\/\/ylojarvendemarit.fi\/blogi\/wp-json\/wp\/v2\/media?parent=188"}],"wp:term":[{"taxonomy":"category","embeddable":true,"href":"http:\/\/ylojarvendemarit.fi\/blogi\/wp-json\/wp\/v2\/categories?post=188"},{"taxonomy":"post_tag","embeddable":true,"href":"http:\/\/ylojarvendemarit.fi\/blogi\/wp-json\/wp\/v2\/tags?post=188"}],"curies":[{"name":"wp","href":"https:\/\/api.w.org\/{rel}","templated":true}]}}