{"id":185,"date":"2021-06-08T15:43:26","date_gmt":"2021-06-08T12:43:26","guid":{"rendered":"http:\/\/ylojarvendemarit.fi\/blogi\/?p=185"},"modified":"2021-06-08T15:43:26","modified_gmt":"2021-06-08T12:43:26","slug":"tyontekija-on-palkkansa-ansainnut","status":"publish","type":"post","link":"http:\/\/ylojarvendemarit.fi\/blogi\/tyontekija-on-palkkansa-ansainnut\/","title":{"rendered":"Ty\u00f6ntekij\u00e4 on palkkansa ansainnut"},"content":{"rendered":"<p class=\"p1\"><span class=\"s1\">Suomalainen on ylpe\u00e4 omasta ty\u00f6st\u00e4\u00e4n. Varmasti valtaosa palkansaajista haluaa tehd\u00e4 ty\u00f6ns\u00e4 hyvin ja saada siit\u00e4 kiitokseksi muutakin kuin mahdollisuuden k\u00e4yd\u00e4 ty\u00f6ss\u00e4. Me haluamme, ett\u00e4 meille palkan maksavat yritykset menestyv\u00e4t meid\u00e4n antamalla osaamisella. Osaamisella, joka on suurelta osaltaan my\u00f6s takaamassa yrityksen menestyst\u00e4.<\/span><\/p>\n<p><!--more--><\/p>\n<p class=\"p1\"><span class=\"s1\">Meist\u00e4 jokainen haluaa tehd\u00e4 ty\u00f6t\u00e4, jolla on tarkoitus. Meist\u00e4 jokainen haluaa tulla toimeen saamallaan palkalla \u2013 saada ruuan p\u00f6yt\u00e4\u00e4, asunnon, tarjota lapsilleen mahdollisuuden harrastaa. Emme me tule toimeen, jos palkasta vied\u00e4\u00e4n 15-20 % pois. Kovin usein meill\u00e4 on asunnosta velkaa, meill\u00e4 on sairauksia, joita meid\u00e4n on hoidettava, automme kaipaavat huoltoa, kodinkoneita pit\u00e4\u00e4 korjata. On ep\u00e4oikeudenmukaista politiikkaa tavallista ihmist\u00e4 kohtaan haluta vied\u00e4 h\u00e4nelt\u00e4 mahdollisuus ihmisarvoiseen el\u00e4m\u00e4\u00e4n. <\/span><\/p>\n<p class=\"p1\"><span class=\"s1\">Nyt on aika avata silm\u00e4t ja mietti\u00e4 kuka on sinun puolellasi, olitpa sitten t\u00f6iss\u00e4 valtiolla, kunnalla tai yksityisell\u00e4 sektorilla. Me sosialidemokraatit puolustamme Sinun oikeuttasi p\u00e4rj\u00e4t\u00e4 rakkaassa kotimaassamme Suomessa. <\/span><\/p>\n<p class=\"p1\"><span class=\"s1\">On virheellist\u00e4 v\u00e4itt\u00e4\u00e4, ett\u00e4 Ay-liike olisi heikent\u00e4m\u00e4ss\u00e4 palkansaajan arkea. Ay-liike puolustaa ty\u00f6ntekij\u00e4n oikeutta sairaus- ja vuosilomiin, oikeutta ty\u00f6el\u00e4m\u00e4ss\u00e4 jaksamiseen. Se puolustaa suomalaista el\u00e4keturvaa ja sairausvakuutuksia. Se ei ole leikkaamassa Sinun palkastasi. <\/span><\/p>\n<p class=\"p1\"><span class=\"s1\">Min\u00e4 en usko, ett\u00e4 paikallisesti sopimalla yksitt\u00e4inen ihminen kykenee siihen mihin yleissopimisella p\u00e4\u00e4st\u00e4\u00e4. En usko my\u00f6sk\u00e4\u00e4n siihen, ett\u00e4 ty\u00f6llisyys syntyy ihmisten asemaa heikent\u00e4m\u00e4ll\u00e4. Ty\u00f6llisyys syntyy osaamista, tutkimusta ja hyvinvointia vahvistamalla.<span class=\"Apple-converted-space\">\u00a0 <\/span>Perustetaan jatkossakin Suomen vahvuuksille ja kilpailukykytekij\u00f6ille. <\/span><\/p>\n<p class=\"p1\"><span class=\"s1\">Disinformaation levitt\u00e4miseen on puututtava, suomalaisen palkansaajan v\u00e4heksymiseen on puututtava. Voin olla ylpe\u00e4sti sit\u00e4 mielt\u00e4, ett\u00e4 duunari (luetaan hoitaja, insin\u00f6\u00f6ri, opettaja, palomies, poliisi, tehdasty\u00f6l\u00e4inen \u2013 aivan jokainen) on palkkansa ja lomansa ansainnut. <\/span><\/p>\n<p class=\"p1\"><span class=\"s1\">Hyvinvointivaltio perustuu sopimiselle ja yhteisty\u00f6lle, ty\u00f6markkinoiden vakaudelle, ei repimiselle. Me sosialidemokraatit olemme ty\u00f6ntekij\u00f6iden turvan ja ty\u00f6markkinoiden vakauden puolella.<\/span><\/p>\n<p>&nbsp;<\/p>\n<p class=\"p3\"><span class=\"s1\"><strong>P\u00e4ivi Stenman<\/strong><br \/>\n<\/span><span class=\"s1\">kuntavaaliehdokas SDP<br \/>\n<\/span><span class=\"s1\">SDP:n puoluevaltuuston j\u00e4sen<\/span><\/p>\n","protected":false},"excerpt":{"rendered":"<p>Suomalainen on ylpe\u00e4 omasta ty\u00f6st\u00e4\u00e4n. Varmasti valtaosa palkansaajista haluaa tehd\u00e4 ty\u00f6ns\u00e4 hyvin ja saada siit\u00e4 kiitokseksi muutakin kuin mahdollisuuden k\u00e4yd\u00e4 ty\u00f6ss\u00e4. Me haluamme, ett\u00e4 meille palkan maksavat yritykset menestyv\u00e4t meid\u00e4n antamalla osaamisella. Osaamisella, joka on suurelta osaltaan my\u00f6s takaamassa yrityksen menestyst\u00e4.<\/p>\n","protected":false},"author":13,"featured_media":0,"comment_status":"open","ping_status":"open","sticky":false,"template":"","format":"standard","meta":[],"categories":[6,8],"tags":[9],"yoast_head":"<!-- This site is optimized with the Yoast SEO plugin v15.9 - https:\/\/yoast.com\/wordpress\/plugins\/seo\/ -->\n<title>Ty\u00f6ntekij\u00e4 on palkkansa ansainnut &ndash; Juttuliiteri<\/title>\n<meta name=\"robots\" content=\"index, follow, max-snippet:-1, max-image-preview:large, max-video-preview:-1\" \/>\n<link rel=\"canonical\" href=\"http:\/\/ylojarvendemarit.fi\/blogi\/tyontekija-on-palkkansa-ansainnut\/\" \/>\n<meta property=\"og:locale\" content=\"fi_FI\" \/>\n<meta property=\"og:type\" content=\"article\" \/>\n<meta property=\"og:title\" content=\"Ty\u00f6ntekij\u00e4 on palkkansa ansainnut &ndash; Juttuliiteri\" \/>\n<meta property=\"og:description\" content=\"Suomalainen on ylpe\u00e4 omasta ty\u00f6st\u00e4\u00e4n. Varmasti valtaosa palkansaajista haluaa tehd\u00e4 ty\u00f6ns\u00e4 hyvin ja saada siit\u00e4 kiitokseksi muutakin kuin mahdollisuuden k\u00e4yd\u00e4 ty\u00f6ss\u00e4. Me haluamme, ett\u00e4 meille palkan maksavat yritykset menestyv\u00e4t meid\u00e4n antamalla osaamisella. Osaamisella, joka on suurelta osaltaan my\u00f6s takaamassa yrityksen menestyst\u00e4.\" \/>\n<meta property=\"og:url\" content=\"http:\/\/ylojarvendemarit.fi\/blogi\/tyontekija-on-palkkansa-ansainnut\/\" \/>\n<meta property=\"og:site_name\" content=\"Juttuliiteri\" \/>\n<meta property=\"article:publisher\" content=\"https:\/\/www.facebook.com\/Yl%c3%b6j%c3%a4rven-demarit-985780778136959\/\" \/>\n<meta property=\"article:published_time\" content=\"2021-06-08T12:43:26+00:00\" \/>\n<meta name=\"twitter:card\" content=\"summary_large_image\" \/>\n<meta name=\"twitter:label1\" content=\"Est. reading time\">\n\t<meta name=\"twitter:data1\" content=\"2 minuuttia\">\n<script type=\"application\/ld+json\" class=\"yoast-schema-graph\">{\"@context\":\"https:\/\/schema.org\",\"@graph\":[{\"@type\":\"WebSite\",\"@id\":\"http:\/\/ylojarvendemarit.fi\/blogi\/#website\",\"url\":\"http:\/\/ylojarvendemarit.fi\/blogi\/\",\"name\":\"Juttuliiteri\",\"description\":\"Demarien arjen ajatuksia\",\"potentialAction\":[{\"@type\":\"SearchAction\",\"target\":\"http:\/\/ylojarvendemarit.fi\/blogi\/?s={search_term_string}\",\"query-input\":\"required name=search_term_string\"}],\"inLanguage\":\"fi\"},{\"@type\":\"WebPage\",\"@id\":\"http:\/\/ylojarvendemarit.fi\/blogi\/tyontekija-on-palkkansa-ansainnut\/#webpage\",\"url\":\"http:\/\/ylojarvendemarit.fi\/blogi\/tyontekija-on-palkkansa-ansainnut\/\",\"name\":\"Ty\\u00f6ntekij\\u00e4 on palkkansa ansainnut &ndash; Juttuliiteri\",\"isPartOf\":{\"@id\":\"http:\/\/ylojarvendemarit.fi\/blogi\/#website\"},\"datePublished\":\"2021-06-08T12:43:26+00:00\",\"dateModified\":\"2021-06-08T12:43:26+00:00\",\"author\":{\"@id\":\"http:\/\/ylojarvendemarit.fi\/blogi\/#\/schema\/person\/7e1543e7edced6f2979af737370f26dc\"},\"breadcrumb\":{\"@id\":\"http:\/\/ylojarvendemarit.fi\/blogi\/tyontekija-on-palkkansa-ansainnut\/#breadcrumb\"},\"inLanguage\":\"fi\",\"potentialAction\":[{\"@type\":\"ReadAction\",\"target\":[\"http:\/\/ylojarvendemarit.fi\/blogi\/tyontekija-on-palkkansa-ansainnut\/\"]}]},{\"@type\":\"BreadcrumbList\",\"@id\":\"http:\/\/ylojarvendemarit.fi\/blogi\/tyontekija-on-palkkansa-ansainnut\/#breadcrumb\",\"itemListElement\":[{\"@type\":\"ListItem\",\"position\":1,\"item\":{\"@type\":\"WebPage\",\"@id\":\"http:\/\/ylojarvendemarit.fi\/blogi\/\",\"url\":\"http:\/\/ylojarvendemarit.fi\/blogi\/\",\"name\":\"Home\"}},{\"@type\":\"ListItem\",\"position\":2,\"item\":{\"@type\":\"WebPage\",\"@id\":\"http:\/\/ylojarvendemarit.fi\/blogi\/tyontekija-on-palkkansa-ansainnut\/\",\"url\":\"http:\/\/ylojarvendemarit.fi\/blogi\/tyontekija-on-palkkansa-ansainnut\/\",\"name\":\"Ty\\u00f6ntekij\\u00e4 on palkkansa ansainnut\"}}]},{\"@type\":\"Person\",\"@id\":\"http:\/\/ylojarvendemarit.fi\/blogi\/#\/schema\/person\/7e1543e7edced6f2979af737370f26dc\",\"name\":\"P\\u00e4ivi Stenman\",\"image\":{\"@type\":\"ImageObject\",\"@id\":\"http:\/\/ylojarvendemarit.fi\/blogi\/#personlogo\",\"inLanguage\":\"fi\",\"url\":\"http:\/\/1.gravatar.com\/avatar\/702f98b2684befe798f64f4456b6e243?s=96&d=mm&r=g\",\"caption\":\"P\\u00e4ivi Stenman\"}}]}<\/script>\n<!-- \/ Yoast SEO plugin. -->","_links":{"self":[{"href":"http:\/\/ylojarvendemarit.fi\/blogi\/wp-json\/wp\/v2\/posts\/185"}],"collection":[{"href":"http:\/\/ylojarvendemarit.fi\/blogi\/wp-json\/wp\/v2\/posts"}],"about":[{"href":"http:\/\/ylojarvendemarit.fi\/blogi\/wp-json\/wp\/v2\/types\/post"}],"author":[{"embeddable":true,"href":"http:\/\/ylojarvendemarit.fi\/blogi\/wp-json\/wp\/v2\/users\/13"}],"replies":[{"embeddable":true,"href":"http:\/\/ylojarvendemarit.fi\/blogi\/wp-json\/wp\/v2\/comments?post=185"}],"version-history":[{"count":2,"href":"http:\/\/ylojarvendemarit.fi\/blogi\/wp-json\/wp\/v2\/posts\/185\/revisions"}],"predecessor-version":[{"id":187,"href":"http:\/\/ylojarvendemarit.fi\/blogi\/wp-json\/wp\/v2\/posts\/185\/revisions\/187"}],"wp:attachment":[{"href":"http:\/\/ylojarvendemarit.fi\/blogi\/wp-json\/wp\/v2\/media?parent=185"}],"wp:term":[{"taxonomy":"category","embeddable":true,"href":"http:\/\/ylojarvendemarit.fi\/blogi\/wp-json\/wp\/v2\/categories?post=185"},{"taxonomy":"post_tag","embeddable":true,"href":"http:\/\/ylojarvendemarit.fi\/blogi\/wp-json\/wp\/v2\/tags?post=185"}],"curies":[{"name":"wp","href":"https:\/\/api.w.org\/{rel}","templated":true}]}}