{"id":174,"date":"2021-02-12T13:40:07","date_gmt":"2021-02-12T11:40:07","guid":{"rendered":"http:\/\/ylojarvendemarit.fi\/blogi\/?p=174"},"modified":"2021-02-12T13:40:07","modified_gmt":"2021-02-12T11:40:07","slug":"suvaitsevaisuutta-ei-vihaa","status":"publish","type":"post","link":"http:\/\/ylojarvendemarit.fi\/blogi\/suvaitsevaisuutta-ei-vihaa\/","title":{"rendered":"Suvaitsevaisuutta, ei vihaa"},"content":{"rendered":"<p>Haluan olla rakentamassa oikeudenmukaista yhteiskuntaa ja maailmaa, jossa vapaus, humaanisuus ja oikeudenmukaisuus ovat itsest\u00e4\u00e4n selvyyksi\u00e4. Vihapuheelle sanon ehdottomasti ei.<\/p>\n<p>Minun Suomeeni ja my\u00f6s Yl\u00f6j\u00e4rvelle mahtuvat eri etnist\u00e4 alkuper\u00e4\u00e4 olevat ihmiset. Toki heid\u00e4n on toimittava suomalaisen yhteiskunnan normien ja lakien mukaisesti, aivan kuten meid\u00e4n syntyper\u00e4istenkin suomalaisten. Jokaista ihmist\u00e4 mitataan h\u00e4nen tekojensa perusteella, ei uskonnon, puoluekannan, sukupuolen tai mink\u00e4\u00e4n muunkaan perusteella.<\/p>\n<p><!--more--><\/p>\n<p>Toivoisin, ettei kukaan joudu kohtaamaan omaan persoonaansa kohdistuvaa solvausta tai suoranaista vihapuhetta. Se olemmeko naisia tai miehi\u00e4, milt\u00e4 n\u00e4yt\u00e4mme, mink\u00e4 ik\u00e4isi\u00e4 olemme, mihin uskomme tai mit\u00e4 teemme ty\u00f6ksemme, ei anna kenellek\u00e4\u00e4n oikeutta olla suvaitsematon ja loukata toista. Muistuttaisin heit\u00e4, jotka ovat katsoneet oikeudekseen n\u00e4in toimia, ett\u00e4 joku voi teid\u00e4n ilkeydest\u00e4nne ja pahansuopaisuudestanne k\u00e4rsi\u00e4 enemm\u00e4n kuin h\u00e4n juurikin sill\u00e4 hetkell\u00e4 kest\u00e4\u00e4. Esit\u00e4n kysymyksen, milt\u00e4 teist\u00e4 tuntuu, jos tuiki tuntematon solvaisi teid\u00e4n puolisoanne sekop\u00e4\u00e4ksi tai ulkoiselta olemukseltaan sanoilla &#8221;rumakin perkele&#8221;.<\/p>\n<p>Kiusaaminen alkaa pienest\u00e4, mutta se voi saada ik\u00e4v\u00e4t mittasuhteet, kuten olemme koulukiusaamisen jatkumisesta saaneet kuulla ja lukea. Emme saa vain puhua kauniita sanoja, ett\u00e4 ei meid\u00e4n koulussa tai meid\u00e4n ty\u00f6paikalla ket\u00e4\u00e4n kiusata tai toista ihmist\u00e4 v\u00e4h\u00e4tell\u00e4. Kovin usein on niin, ett\u00e4 lapsena alkanut ik\u00e4v\u00e4 k\u00e4yt\u00f6s saa jatkua viel\u00e4 aikuisuudessa, jos annamme n\u00e4iden kiusanhenkien niin toimia. Ei hyv\u00e4ksyt\u00e4 alistamista, suvaitsemattomuutta ja itsekkyytt\u00e4.<\/p>\n<p>Hyv\u00e4\u00e4 yst\u00e4v\u00e4np\u00e4iv\u00e4\u00e4!<br \/>\n<strong>P\u00e4ivi Stenman<\/strong><\/p>\n","protected":false},"excerpt":{"rendered":"<p>Haluan olla rakentamassa oikeudenmukaista yhteiskuntaa ja maailmaa, jossa vapaus, humaanisuus ja oikeudenmukaisuus ovat itsest\u00e4\u00e4n selvyyksi\u00e4. Vihapuheelle sanon ehdottomasti ei. Minun Suomeeni ja my\u00f6s Yl\u00f6j\u00e4rvelle mahtuvat eri etnist\u00e4 alkuper\u00e4\u00e4 olevat ihmiset. Toki heid\u00e4n on toimittava suomalaisen yhteiskunnan normien ja lakien mukaisesti, aivan kuten meid\u00e4n syntyper\u00e4istenkin suomalaisten. Jokaista ihmist\u00e4 mitataan h\u00e4nen tekojensa perusteella, ei uskonnon, puoluekannan, sukupuolen [&hellip;]<\/p>\n","protected":false},"author":13,"featured_media":0,"comment_status":"open","ping_status":"open","sticky":false,"template":"","format":"standard","meta":[],"categories":[6,8],"tags":[7,9],"yoast_head":"<!-- This site is optimized with the Yoast SEO plugin v15.9 - https:\/\/yoast.com\/wordpress\/plugins\/seo\/ -->\n<title>Suvaitsevaisuutta, ei vihaa &ndash; Juttuliiteri<\/title>\n<meta name=\"robots\" content=\"index, follow, max-snippet:-1, max-image-preview:large, max-video-preview:-1\" \/>\n<link rel=\"canonical\" href=\"http:\/\/ylojarvendemarit.fi\/blogi\/suvaitsevaisuutta-ei-vihaa\/\" \/>\n<meta property=\"og:locale\" content=\"fi_FI\" \/>\n<meta property=\"og:type\" content=\"article\" \/>\n<meta property=\"og:title\" content=\"Suvaitsevaisuutta, ei vihaa &ndash; Juttuliiteri\" \/>\n<meta property=\"og:description\" content=\"Haluan olla rakentamassa oikeudenmukaista yhteiskuntaa ja maailmaa, jossa vapaus, humaanisuus ja oikeudenmukaisuus ovat itsest\u00e4\u00e4n selvyyksi\u00e4. Vihapuheelle sanon ehdottomasti ei. Minun Suomeeni ja my\u00f6s Yl\u00f6j\u00e4rvelle mahtuvat eri etnist\u00e4 alkuper\u00e4\u00e4 olevat ihmiset. Toki heid\u00e4n on toimittava suomalaisen yhteiskunnan normien ja lakien mukaisesti, aivan kuten meid\u00e4n syntyper\u00e4istenkin suomalaisten. Jokaista ihmist\u00e4 mitataan h\u00e4nen tekojensa perusteella, ei uskonnon, puoluekannan, sukupuolen [&hellip;]\" \/>\n<meta property=\"og:url\" content=\"http:\/\/ylojarvendemarit.fi\/blogi\/suvaitsevaisuutta-ei-vihaa\/\" \/>\n<meta property=\"og:site_name\" content=\"Juttuliiteri\" \/>\n<meta property=\"article:publisher\" content=\"https:\/\/www.facebook.com\/Yl%c3%b6j%c3%a4rven-demarit-985780778136959\/\" \/>\n<meta property=\"article:published_time\" content=\"2021-02-12T11:40:07+00:00\" \/>\n<meta name=\"twitter:card\" content=\"summary_large_image\" \/>\n<meta name=\"twitter:label1\" content=\"Est. reading time\">\n\t<meta name=\"twitter:data1\" content=\"1 minuutti\">\n<script type=\"application\/ld+json\" class=\"yoast-schema-graph\">{\"@context\":\"https:\/\/schema.org\",\"@graph\":[{\"@type\":\"WebSite\",\"@id\":\"http:\/\/ylojarvendemarit.fi\/blogi\/#website\",\"url\":\"http:\/\/ylojarvendemarit.fi\/blogi\/\",\"name\":\"Juttuliiteri\",\"description\":\"Demarien arjen ajatuksia\",\"potentialAction\":[{\"@type\":\"SearchAction\",\"target\":\"http:\/\/ylojarvendemarit.fi\/blogi\/?s={search_term_string}\",\"query-input\":\"required name=search_term_string\"}],\"inLanguage\":\"fi\"},{\"@type\":\"WebPage\",\"@id\":\"http:\/\/ylojarvendemarit.fi\/blogi\/suvaitsevaisuutta-ei-vihaa\/#webpage\",\"url\":\"http:\/\/ylojarvendemarit.fi\/blogi\/suvaitsevaisuutta-ei-vihaa\/\",\"name\":\"Suvaitsevaisuutta, ei vihaa &ndash; Juttuliiteri\",\"isPartOf\":{\"@id\":\"http:\/\/ylojarvendemarit.fi\/blogi\/#website\"},\"datePublished\":\"2021-02-12T11:40:07+00:00\",\"dateModified\":\"2021-02-12T11:40:07+00:00\",\"author\":{\"@id\":\"http:\/\/ylojarvendemarit.fi\/blogi\/#\/schema\/person\/7e1543e7edced6f2979af737370f26dc\"},\"breadcrumb\":{\"@id\":\"http:\/\/ylojarvendemarit.fi\/blogi\/suvaitsevaisuutta-ei-vihaa\/#breadcrumb\"},\"inLanguage\":\"fi\",\"potentialAction\":[{\"@type\":\"ReadAction\",\"target\":[\"http:\/\/ylojarvendemarit.fi\/blogi\/suvaitsevaisuutta-ei-vihaa\/\"]}]},{\"@type\":\"BreadcrumbList\",\"@id\":\"http:\/\/ylojarvendemarit.fi\/blogi\/suvaitsevaisuutta-ei-vihaa\/#breadcrumb\",\"itemListElement\":[{\"@type\":\"ListItem\",\"position\":1,\"item\":{\"@type\":\"WebPage\",\"@id\":\"http:\/\/ylojarvendemarit.fi\/blogi\/\",\"url\":\"http:\/\/ylojarvendemarit.fi\/blogi\/\",\"name\":\"Home\"}},{\"@type\":\"ListItem\",\"position\":2,\"item\":{\"@type\":\"WebPage\",\"@id\":\"http:\/\/ylojarvendemarit.fi\/blogi\/suvaitsevaisuutta-ei-vihaa\/\",\"url\":\"http:\/\/ylojarvendemarit.fi\/blogi\/suvaitsevaisuutta-ei-vihaa\/\",\"name\":\"Suvaitsevaisuutta, ei vihaa\"}}]},{\"@type\":\"Person\",\"@id\":\"http:\/\/ylojarvendemarit.fi\/blogi\/#\/schema\/person\/7e1543e7edced6f2979af737370f26dc\",\"name\":\"P\\u00e4ivi Stenman\",\"image\":{\"@type\":\"ImageObject\",\"@id\":\"http:\/\/ylojarvendemarit.fi\/blogi\/#personlogo\",\"inLanguage\":\"fi\",\"url\":\"http:\/\/1.gravatar.com\/avatar\/702f98b2684befe798f64f4456b6e243?s=96&d=mm&r=g\",\"caption\":\"P\\u00e4ivi Stenman\"}}]}<\/script>\n<!-- \/ Yoast SEO plugin. -->","_links":{"self":[{"href":"http:\/\/ylojarvendemarit.fi\/blogi\/wp-json\/wp\/v2\/posts\/174"}],"collection":[{"href":"http:\/\/ylojarvendemarit.fi\/blogi\/wp-json\/wp\/v2\/posts"}],"about":[{"href":"http:\/\/ylojarvendemarit.fi\/blogi\/wp-json\/wp\/v2\/types\/post"}],"author":[{"embeddable":true,"href":"http:\/\/ylojarvendemarit.fi\/blogi\/wp-json\/wp\/v2\/users\/13"}],"replies":[{"embeddable":true,"href":"http:\/\/ylojarvendemarit.fi\/blogi\/wp-json\/wp\/v2\/comments?post=174"}],"version-history":[{"count":3,"href":"http:\/\/ylojarvendemarit.fi\/blogi\/wp-json\/wp\/v2\/posts\/174\/revisions"}],"predecessor-version":[{"id":177,"href":"http:\/\/ylojarvendemarit.fi\/blogi\/wp-json\/wp\/v2\/posts\/174\/revisions\/177"}],"wp:attachment":[{"href":"http:\/\/ylojarvendemarit.fi\/blogi\/wp-json\/wp\/v2\/media?parent=174"}],"wp:term":[{"taxonomy":"category","embeddable":true,"href":"http:\/\/ylojarvendemarit.fi\/blogi\/wp-json\/wp\/v2\/categories?post=174"},{"taxonomy":"post_tag","embeddable":true,"href":"http:\/\/ylojarvendemarit.fi\/blogi\/wp-json\/wp\/v2\/tags?post=174"}],"curies":[{"name":"wp","href":"https:\/\/api.w.org\/{rel}","templated":true}]}}