{"id":153,"date":"2020-12-18T13:37:22","date_gmt":"2020-12-18T11:37:22","guid":{"rendered":"http:\/\/ylojarvendemarit.fi\/blogi\/?p=153"},"modified":"2020-12-18T13:39:24","modified_gmt":"2020-12-18T11:39:24","slug":"kuntatalouden-hallinta-kriisitilanteessa","status":"publish","type":"post","link":"http:\/\/ylojarvendemarit.fi\/blogi\/kuntatalouden-hallinta-kriisitilanteessa\/","title":{"rendered":"Kuntatalouden hallinta kriisitilanteessa"},"content":{"rendered":"<p class=\"p1\"><span class=\"s1\">Kunnanvaltuuston on ilmoitettava verohallinnolle seuraavan vuoden tuloveroprosentti marraskuun 17. p\u00e4iv\u00e4\u00e4n menness\u00e4. Yl\u00f6j\u00e4rven valtuusto p\u00e4\u00e4tti asiasta maanantaina 2.11.2020. Samassa kokouksessa p\u00e4\u00e4tettiin my\u00f6s kiinteist\u00f6veroprosenttien m\u00e4\u00e4r\u00e4t.<\/span><\/p>\n<p><!--more--><\/p>\n<p class=\"p1\"><span class=\"s1\">Kaupunginhallituksen k\u00e4sittelyss\u00e4 26.10. oli talousjohtajan laatima pohjaesitys tuloveroprosentin (20,5) ja kiinteist\u00f6verojen s\u00e4ilytt\u00e4misest\u00e4 ennallaan. <\/span><\/p>\n<p class=\"p1\"><span class=\"s1\">Pohjaesitys kuitenkin yll\u00e4tt\u00e4en muuttui vakituisten asuinrakennusten kiinteist\u00f6veron osalta, jota \u00e4\u00e4nestyksen j\u00e4lkeen p\u00e4\u00e4tettiin alentaa. <\/span><\/p>\n<p class=\"p1\"><span class=\"s1\">Yll\u00e4tt\u00e4v\u00e4ksi kokoomuksen muutosesityksen tekee se, ett\u00e4 viel\u00e4 kuukausi sitten kaupunginhallitus oli varsin yksimielisesti hyv\u00e4ksym\u00e4ss\u00e4 talousarvioraamin,<b> <\/b>joka nimenomaan rakentui talousjohtajan laskelmaan<span class=\"Apple-converted-space\">\u00a0 <\/span>tuloveroprosentin ja kiinteist\u00f6verojen s\u00e4ilytt\u00e4misest\u00e4 ennallaan. Lautakunnat ovat joutuneet laatimaan omat talousarvioesityksens\u00e4 hallituksen antaman tiukan raamin pohjalta. Koska<span class=\"Apple-converted-space\">\u00a0 <\/span>kaikkien toimialueiden esityksiss\u00e4 on jouduttu siet\u00e4m\u00e4\u00e4n niukkuutta, ei ajankohta ole oikea\/sopiva yhden veromuodon alentamiselle. <\/span><\/p>\n<p class=\"p1\"><span class=\"s1\">Ensi vuoden budjetista valtuusto p\u00e4\u00e4tt\u00e4\u00e4 vasta joulukuun kokouksessa. <\/span><\/p>\n<p class=\"p1\"><span class=\"s1\">Sosialidemokraattinen valtuustoryhm\u00e4 \u00e4\u00e4nesti<span class=\"Apple-converted-space\">\u00a0 <\/span>sen puolesta, ett\u00e4 kiinteist\u00f6veroihin ei tehd\u00e4 muutoksia.<span class=\"Apple-converted-space\">\u00a0 <\/span>Perusteluja kannallemme seuraavassa.<\/span><\/p>\n<p class=\"p1\"><span class=\"s1\">Kuntien talous oli kriittisess\u00e4 tilassa jo ennen koronapandemian alkamista. Valtioneuvosto on lis\u00e4talousarvioissaan p\u00e4\u00e4tt\u00e4nyt tukea kuntia ja sairaanhoitopiirej\u00e4 tuntuvilla korona-avustuksilla. Esimerkiksi suuri naapurimme oli jo tuskissaan t\u00e4lle vuodelle syntyv\u00e4n alij\u00e4\u00e4m\u00e4n suuruudesta. Viime viikkojen aikana tilanne on k\u00e4\u00e4ntynyt roimasti ja Tampereen yli 20 miljoonan alij\u00e4\u00e4m\u00e4 on kaventumassa 7 miljoonan euron alij\u00e4\u00e4m\u00e4\u00e4n. Ja vaikka tilanne Yl\u00f6j\u00e4rvell\u00e4 on t\u00e4n\u00e4 syksyn\u00e4 k\u00e4\u00e4ntym\u00e4ss\u00e4 voitolliseksi, ei t\u00e4rkeimpi\u00e4 kaupungin tulol\u00e4hteit\u00e4 eli veroja ole t\u00e4ss\u00e4 yhteydess\u00e4 varaa laskea milt\u00e4\u00e4n osin. Valtion ylim\u00e4\u00e4r\u00e4iset ja reippaat avustukset koskevat vain t\u00e4t\u00e4 vuotta ja ensi vuotta, sen j\u00e4lkeen on taas \u201dtultava toimeen omillaan\u201d. Nyt jo tiedossa olevat eduskunnan s\u00e4\u00e4t\u00e4m\u00e4t lis\u00e4teht\u00e4v\u00e4t kunnille, kuten oppivelvollisuuden laajentaminen ja hoitajamitoitus, tulevat aiheuttamaan l\u00e4hivuosina lis\u00e4paineita tuloveroprosenttiin. V\u00e4est\u00f6n ik\u00e4\u00e4ntymisen vuosittain nousevalla kehityksell\u00e4 on oma vaikutuksensa.<\/span><\/p>\n<p class=\"p1\"><span class=\"s1\">Viime viikolla j\u00e4rjestetyill\u00e4 Sairaalap\u00e4ivill\u00e4 Kuntaliiton edustajat varoittivat kuntien p\u00e4\u00e4tt\u00e4ji\u00e4<span class=\"Apple-converted-space\">\u00a0 <\/span>ja kehottivat erityisen varovaisiin askeleisiin. P\u00e4\u00e4ekonomisti Minna Punakallion mielest\u00e4 nyt tarvitaan laaja-alaista talouden ymm\u00e4rryst\u00e4, ei \u201dlaput silmill\u00e4 tapahtuvaa osaoptimointia\u201d. Koronatuesta huolimatta kunnissa muhii hoitovelka, joka on jo n\u00e4kynyt Taysin toiminnassa hoitojonoina, mutta patoutunutta hoidon tarvetta on my\u00f6s perusterveydenhuollossa. Korona on sotkenut kaikki hoitoprosessit. Yhdeksi esimerkiksi nostan diabeteksen, joka hoitamattomana aiheuttaa monenlaisia liit\u00e4nn\u00e4issairauksia aina amputaatioihin saakka ja niiden hoitaminen se vasta maksaa.<\/span><\/p>\n<p class=\"p1\"><span class=\"s1\">Pirkanmaalla ollaan nyt siirrytty koronaepidemian kiihtymisvaiheeseen.<b> <\/b>Sairaanhoitopiirill\u00e4 ja kunnilla on tartuntatautilain antama yhteisvastuu epidemioiden hoidossa. Taudin hillitseminen on jokaisen suomalaisen, my\u00f6s yl\u00f6j\u00e4rvel\u00e4isen vastuulla. Mik\u00e4li epidemiaa ei pystyt\u00e4 pit\u00e4m\u00e4\u00e4n kurissa, muuttuvat talousluvut entist\u00e4 synkemmiksi. Poikkeuksellisen suuren ep\u00e4varmuuden keskell\u00e4 on p\u00e4\u00e4tt\u00e4jien kyett\u00e4v\u00e4 tekem\u00e4\u00e4n kest\u00e4vi\u00e4 ratkaisuja.<\/span><\/p>\n<p>&nbsp;<br \/>\n<strong>Leena Mankkinen<\/strong><br \/>\n<span class=\"s1\">Yl\u00f6j\u00e4rven kaupunginhallituksen j\u00e4sen (sd)<\/p>\n","protected":false},"excerpt":{"rendered":"<p>Kunnanvaltuuston on ilmoitettava verohallinnolle seuraavan vuoden tuloveroprosentti marraskuun 17. p\u00e4iv\u00e4\u00e4n menness\u00e4. Yl\u00f6j\u00e4rven valtuusto p\u00e4\u00e4tti asiasta maanantaina 2.11.2020. Samassa kokouksessa p\u00e4\u00e4tettiin my\u00f6s kiinteist\u00f6veroprosenttien m\u00e4\u00e4r\u00e4t.<\/p>\n","protected":false},"author":6,"featured_media":158,"comment_status":"open","ping_status":"open","sticky":false,"template":"","format":"standard","meta":[],"categories":[10,5],"tags":[16],"yoast_head":"<!-- This site is optimized with the Yoast SEO plugin v15.9 - https:\/\/yoast.com\/wordpress\/plugins\/seo\/ -->\n<title>Kuntatalouden hallinta kriisitilanteessa &ndash; Juttuliiteri<\/title>\n<meta name=\"robots\" content=\"index, follow, max-snippet:-1, max-image-preview:large, max-video-preview:-1\" \/>\n<link rel=\"canonical\" href=\"http:\/\/ylojarvendemarit.fi\/blogi\/kuntatalouden-hallinta-kriisitilanteessa\/\" \/>\n<meta property=\"og:locale\" content=\"fi_FI\" \/>\n<meta property=\"og:type\" content=\"article\" \/>\n<meta property=\"og:title\" content=\"Kuntatalouden hallinta kriisitilanteessa &ndash; Juttuliiteri\" \/>\n<meta property=\"og:description\" content=\"Kunnanvaltuuston on ilmoitettava verohallinnolle seuraavan vuoden tuloveroprosentti marraskuun 17. p\u00e4iv\u00e4\u00e4n menness\u00e4. Yl\u00f6j\u00e4rven valtuusto p\u00e4\u00e4tti asiasta maanantaina 2.11.2020. Samassa kokouksessa p\u00e4\u00e4tettiin my\u00f6s kiinteist\u00f6veroprosenttien m\u00e4\u00e4r\u00e4t.\" \/>\n<meta property=\"og:url\" content=\"http:\/\/ylojarvendemarit.fi\/blogi\/kuntatalouden-hallinta-kriisitilanteessa\/\" \/>\n<meta property=\"og:site_name\" content=\"Juttuliiteri\" \/>\n<meta property=\"article:publisher\" content=\"https:\/\/www.facebook.com\/Yl%c3%b6j%c3%a4rven-demarit-985780778136959\/\" \/>\n<meta property=\"article:published_time\" content=\"2020-12-18T11:37:22+00:00\" \/>\n<meta property=\"article:modified_time\" content=\"2020-12-18T11:39:24+00:00\" \/>\n<meta property=\"og:image\" content=\"http:\/\/ylojarvendemarit.fi\/blogi\/wp-content\/uploads\/2020\/12\/ibrahim-rifath-OApHds2yEGQ-unsplash-scaled.jpg\" \/>\n\t<meta property=\"og:image:width\" content=\"2560\" \/>\n\t<meta property=\"og:image:height\" content=\"1707\" \/>\n<meta name=\"twitter:card\" content=\"summary_large_image\" \/>\n<meta name=\"twitter:label1\" content=\"Est. reading time\">\n\t<meta name=\"twitter:data1\" content=\"2 minuuttia\">\n<script type=\"application\/ld+json\" class=\"yoast-schema-graph\">{\"@context\":\"https:\/\/schema.org\",\"@graph\":[{\"@type\":\"WebSite\",\"@id\":\"http:\/\/ylojarvendemarit.fi\/blogi\/#website\",\"url\":\"http:\/\/ylojarvendemarit.fi\/blogi\/\",\"name\":\"Juttuliiteri\",\"description\":\"Demarien arjen ajatuksia\",\"potentialAction\":[{\"@type\":\"SearchAction\",\"target\":\"http:\/\/ylojarvendemarit.fi\/blogi\/?s={search_term_string}\",\"query-input\":\"required name=search_term_string\"}],\"inLanguage\":\"fi\"},{\"@type\":\"ImageObject\",\"@id\":\"http:\/\/ylojarvendemarit.fi\/blogi\/kuntatalouden-hallinta-kriisitilanteessa\/#primaryimage\",\"inLanguage\":\"fi\",\"url\":\"http:\/\/ylojarvendemarit.fi\/blogi\/wp-content\/uploads\/2020\/12\/ibrahim-rifath-OApHds2yEGQ-unsplash-scaled.jpg\",\"width\":2560,\"height\":1707},{\"@type\":\"WebPage\",\"@id\":\"http:\/\/ylojarvendemarit.fi\/blogi\/kuntatalouden-hallinta-kriisitilanteessa\/#webpage\",\"url\":\"http:\/\/ylojarvendemarit.fi\/blogi\/kuntatalouden-hallinta-kriisitilanteessa\/\",\"name\":\"Kuntatalouden hallinta kriisitilanteessa &ndash; Juttuliiteri\",\"isPartOf\":{\"@id\":\"http:\/\/ylojarvendemarit.fi\/blogi\/#website\"},\"primaryImageOfPage\":{\"@id\":\"http:\/\/ylojarvendemarit.fi\/blogi\/kuntatalouden-hallinta-kriisitilanteessa\/#primaryimage\"},\"datePublished\":\"2020-12-18T11:37:22+00:00\",\"dateModified\":\"2020-12-18T11:39:24+00:00\",\"author\":{\"@id\":\"http:\/\/ylojarvendemarit.fi\/blogi\/#\/schema\/person\/4771ca158294b6a3b047d8c984ffd374\"},\"breadcrumb\":{\"@id\":\"http:\/\/ylojarvendemarit.fi\/blogi\/kuntatalouden-hallinta-kriisitilanteessa\/#breadcrumb\"},\"inLanguage\":\"fi\",\"potentialAction\":[{\"@type\":\"ReadAction\",\"target\":[\"http:\/\/ylojarvendemarit.fi\/blogi\/kuntatalouden-hallinta-kriisitilanteessa\/\"]}]},{\"@type\":\"BreadcrumbList\",\"@id\":\"http:\/\/ylojarvendemarit.fi\/blogi\/kuntatalouden-hallinta-kriisitilanteessa\/#breadcrumb\",\"itemListElement\":[{\"@type\":\"ListItem\",\"position\":1,\"item\":{\"@type\":\"WebPage\",\"@id\":\"http:\/\/ylojarvendemarit.fi\/blogi\/\",\"url\":\"http:\/\/ylojarvendemarit.fi\/blogi\/\",\"name\":\"Home\"}},{\"@type\":\"ListItem\",\"position\":2,\"item\":{\"@type\":\"WebPage\",\"@id\":\"http:\/\/ylojarvendemarit.fi\/blogi\/kuntatalouden-hallinta-kriisitilanteessa\/\",\"url\":\"http:\/\/ylojarvendemarit.fi\/blogi\/kuntatalouden-hallinta-kriisitilanteessa\/\",\"name\":\"Kuntatalouden hallinta kriisitilanteessa\"}}]},{\"@type\":\"Person\",\"@id\":\"http:\/\/ylojarvendemarit.fi\/blogi\/#\/schema\/person\/4771ca158294b6a3b047d8c984ffd374\",\"name\":\"Leena Mankkinen\",\"image\":{\"@type\":\"ImageObject\",\"@id\":\"http:\/\/ylojarvendemarit.fi\/blogi\/#personlogo\",\"inLanguage\":\"fi\",\"url\":\"http:\/\/2.gravatar.com\/avatar\/bd91e63eb3985aa1979ebe004abb8367?s=96&d=mm&r=g\",\"caption\":\"Leena Mankkinen\"}}]}<\/script>\n<!-- \/ Yoast SEO plugin. -->","_links":{"self":[{"href":"http:\/\/ylojarvendemarit.fi\/blogi\/wp-json\/wp\/v2\/posts\/153"}],"collection":[{"href":"http:\/\/ylojarvendemarit.fi\/blogi\/wp-json\/wp\/v2\/posts"}],"about":[{"href":"http:\/\/ylojarvendemarit.fi\/blogi\/wp-json\/wp\/v2\/types\/post"}],"author":[{"embeddable":true,"href":"http:\/\/ylojarvendemarit.fi\/blogi\/wp-json\/wp\/v2\/users\/6"}],"replies":[{"embeddable":true,"href":"http:\/\/ylojarvendemarit.fi\/blogi\/wp-json\/wp\/v2\/comments?post=153"}],"version-history":[{"count":6,"href":"http:\/\/ylojarvendemarit.fi\/blogi\/wp-json\/wp\/v2\/posts\/153\/revisions"}],"predecessor-version":[{"id":160,"href":"http:\/\/ylojarvendemarit.fi\/blogi\/wp-json\/wp\/v2\/posts\/153\/revisions\/160"}],"wp:featuredmedia":[{"embeddable":true,"href":"http:\/\/ylojarvendemarit.fi\/blogi\/wp-json\/wp\/v2\/media\/158"}],"wp:attachment":[{"href":"http:\/\/ylojarvendemarit.fi\/blogi\/wp-json\/wp\/v2\/media?parent=153"}],"wp:term":[{"taxonomy":"category","embeddable":true,"href":"http:\/\/ylojarvendemarit.fi\/blogi\/wp-json\/wp\/v2\/categories?post=153"},{"taxonomy":"post_tag","embeddable":true,"href":"http:\/\/ylojarvendemarit.fi\/blogi\/wp-json\/wp\/v2\/tags?post=153"}],"curies":[{"name":"wp","href":"https:\/\/api.w.org\/{rel}","templated":true}]}}