{"id":143,"date":"2019-03-06T12:22:01","date_gmt":"2019-03-06T10:22:01","guid":{"rendered":"http:\/\/ylojarvendemarit.fi\/blogi\/?p=143"},"modified":"2019-03-06T12:22:27","modified_gmt":"2019-03-06T10:22:27","slug":"lasten-pahoinvointiin-on-saatava-apua-ajoissa","status":"publish","type":"post","link":"http:\/\/ylojarvendemarit.fi\/blogi\/lasten-pahoinvointiin-on-saatava-apua-ajoissa\/","title":{"rendered":"Lasten pahoinvointiin on saatava apua ajoissa!"},"content":{"rendered":"<p class=\"p1\"><span class=\"s1\">El\u00e4mme aikaa jossa meill\u00e4 on hyvinvoivia lapsia enemm\u00e4n kuin koskaan. Samaan aikaan lasten ja perheiden palveluihin my\u00f6s panostetaan taloudellisesti paljon. Kuitenkin osa lapsista voi todella huonosti ja tuntuu, ett\u00e4 heille ei l\u00f6ydy oikeaa paikkaa jossa apua tilanteeseen pystyt\u00e4\u00e4n tarjoamaan. Mik\u00e4 sitten on mennyt vikaan? Uskon itse, ett\u00e4 montakin asiaa.<\/span><\/p>\n<p><!--more--><\/p>\n<p class=\"p1\"><span class=\"s1\">Tilanteisiin, joissa lapsi ei saa turvallista hoivaa varhaislapsuudessa, on vaikeaa p\u00e4\u00e4st\u00e4 kiinni. Hoivan puute ja ongelmat varhaisessa vuorovaikutuksessa ja kiintymyssuhteen muodostumisessa voivat vaikuttaa lapsen loppuel\u00e4m\u00e4\u00e4n ik\u00e4v\u00e4ll\u00e4 tavalla. Olin kuuntelemassa lastenpsykiatrian professoria Kaija Puuraa. H\u00e4n kertoi hyv\u00e4n ja kuvaavan sanonnan: \u201dKannattele lasta kaksi vuotta, jos et, kannattelet h\u00e4nt\u00e4 koko el\u00e4m\u00e4n\u201d. H\u00e4n kertoi my\u00f6s t\u00e4m\u00e4n hetken haasteista lapsiperheiss\u00e4. Kiireinen arki, jossa vanhemmilla on huono omatunto joka suuntaan. Ei ole aikaa olla l\u00e4sn\u00e4 lapselle. Lis\u00e4ksi vanhemmat yritt\u00e4v\u00e4t paikata huonoa omaatuntoa tarjoamalla kaikenlaista hienoa toimintaa, vaikka lapsi saattaisi hartaasti toivoa vain vanhemman aikaa, esimerkiksi yhteisell\u00e4 aterialla.<\/span><\/p>\n<p class=\"p1\"><span class=\"s1\">My\u00f6s mobiililaitteet viev\u00e4t paljon vanhempien huomiota. Kaija Puura kertoi, ett\u00e4 tuijottaessaan mobiililaitetta vanhemman ilme on kuin masentuneen ihmisen ilme. Jos lapsi jatkuvasti n\u00e4kee vain tuon ilmeen vanhemman kasvoilla, voi ilmett\u00e4 vastaava tunnetila siirty\u00e4 h\u00e4neen. T\u00e4st\u00e4 mieleeni her\u00e4si kysymys paljonko esimerkiksi lastaan imett\u00e4v\u00e4t\/ pullosta sy\u00f6tt\u00e4v\u00e4t vanhemmat selaavat somea puhelimellaan vauvan sy\u00f6misen aikana? Tiedotusta on lis\u00e4tt\u00e4v\u00e4, ei kukaan tahallaan aiheuta lapsellensa haittaa.<\/span><\/p>\n<p class=\"p1\"><span class=\"s1\">Pienet lapset tarvitsevat jatkuvaa vuorovaikutusta vanhempien ja muiden l\u00e4heisten aikuisten kanssa. Heid\u00e4n pit\u00e4\u00e4 kokea hymy, ilo ja hyv\u00e4ksynt\u00e4 aikuisen kasvoilla ja tuntea olevansa t\u00e4rke\u00e4, rakastettu ja turvassa. Turvattomuus ja tyydyttym\u00e4tt\u00f6m\u00e4t tarpeet aiheuttavat lapsissa h\u00e4iri\u00f6k\u00e4ytt\u00e4ytymist\u00e4 tai apatiaa.<span class=\"Apple-converted-space\">\u00a0 <\/span>Kaija Puura puhui my\u00f6s kolmesta t\u00e4rke\u00e4st\u00e4 R:st\u00e4: Rakkaus, Rajat ja Rutiinit. Jokaisen lapsen pit\u00e4isi saada olla rakastettu. Rajat kertovat lapselle mit\u00e4 saa ja mit\u00e4 ei saa tehd\u00e4. Lasta ei voi liian pienen\u00e4 laittaa p\u00e4\u00e4tt\u00e4m\u00e4\u00e4n asioista joita h\u00e4n ei pysty ymm\u00e4rt\u00e4m\u00e4\u00e4n. Lapsi vaatii paljon aikuisen turvallista ohjausta kasvussaan. Rutiinit luovat turvallisuutta ja ennakoitavuutta lapsen el\u00e4m\u00e4\u00e4n.<\/span><\/p>\n<p class=\"p1\"><span class=\"s1\">Integraatio kouluissa on viety pitk\u00e4lle, mutta erityistukea tarvitseville lapsille ei ole annettu riitt\u00e4v\u00e4sti apua tilanteessa p\u00e4rj\u00e4\u00e4miseen. Kaikki eiv\u00e4t edes tuettuina pysty opiskelemaan normaalikokoisessa luokassa, koska \u00e4rsykkeit\u00e4 tulee liikaa. T\u00e4m\u00e4kin pit\u00e4isi hyv\u00e4ksy\u00e4 ja tarjolla pit\u00e4isi olla pienluokka vaihtoehto. <\/span><\/p>\n<p class=\"p1\"><span class=\"s1\">Tilanne<span class=\"Apple-converted-space\">\u00a0 <\/span>jossa yhden oppilaan ahdistuminen ja pahoinvointi est\u00e4\u00e4 kaikkia muitakin oppimasta ei palvele ket\u00e4\u00e4n. On etsitt\u00e4v\u00e4 uusia ratkaisuja ja ehk\u00e4 osittain palattava enemm\u00e4n my\u00f6s erityisluokkiin. <\/span><\/p>\n<p class=\"p1\"><span class=\"s1\">Mit\u00e4 sitten on teht\u00e4viss\u00e4 tilanteen parantamiseksi? Ensisijaisen t\u00e4rke\u00e4n\u00e4 pid\u00e4n vanhempien opastamista neuvolassa. Meill\u00e4 on hyv\u00e4 ja kattava neuvolaj\u00e4rjestelm\u00e4 ja uskon, ett\u00e4 siell\u00e4 t\u00e4t\u00e4 ty\u00f6t\u00e4 tehd\u00e4\u00e4nkin, mutta miten viesti saadaan menem\u00e4\u00e4n perille ja kaikki ymm\u00e4rt\u00e4m\u00e4\u00e4n kuinka t\u00e4rke\u00e4st\u00e4 asiasta on kyse. Toinen asia voisi olla ensimm\u00e4isen lapsen syntym\u00e4n j\u00e4lkeen teht\u00e4v\u00e4 pidempi kotik\u00e4ynti, jossa kartoitetaan miten el\u00e4m\u00e4 vauvan kanssa on l\u00e4htenyt k\u00e4ytiin ja kuunnellaan vanhempien kokemuksia, sek\u00e4 tarjotaan apua, mik\u00e4li siihen on tarvetta. Lyhyet neuvolak\u00e4ynnit eiv\u00e4t v\u00e4ltt\u00e4m\u00e4tt\u00e4 tuo esiin vaikeuksia joita perheill\u00e4 voi olla ja niist\u00e4 ei my\u00f6sk\u00e4\u00e4n uskalleta puhua, koska meill\u00e4 on niin vahva p\u00e4rj\u00e4\u00e4misen kulttuuri.<\/span><\/p>\n<p class=\"p1\"><span class=\"s1\">My\u00f6s muut perheiden palvelut on saatava toimimaan sujuvasti. Voidaanko tulevaisuudessa perheneuvolan palveluita tuoda sinne miss\u00e4 asiakkaat ovat? Sen sijaan, ett\u00e4 vanhempi l\u00e4htee t\u00f6ist\u00e4 erikseen kuljettamaan lasta jokaiseen tapaamiseen varhaiskasvatuksesta tai koulusta perheneuvolan vastaanotolle, voisiko psykologi ollakin tapaamassa lasta siell\u00e4 miss\u00e4 h\u00e4n p\u00e4iv\u00e4ns\u00e4 muutoinkin on? Samassa yksik\u00f6ss\u00e4 voi olla muitakin lapsia joiden tapaaminen onnistuu samalla kertaa. My\u00f6s lapsen arjen n\u00e4keminen voi antaa lis\u00e4tietoa h\u00e4nen asioidensa ja tilanteensa hoitamiseen.<\/span><\/p>\n<p class=\"p1\"><span class=\"s1\">Tuntuu silt\u00e4, ett\u00e4 n\u00e4iss\u00e4 asioissa on enemm\u00e4n avoimia kysymyksi\u00e4 kuin vastauksia. Jotain on kuitenkin ryhdytt\u00e4v\u00e4 tekem\u00e4\u00e4n, ett\u00e4 yh\u00e4 harvemman lapsen el\u00e4m\u00e4n polku p\u00e4\u00e4sisi luiskahtamaan sivuraiteille. Lapsi- ja perhepalveluiden muutosohjelma Lape, on koonnut paljon hyv\u00e4\u00e4 tietoa nykytilanteesta. Asiaa ei saa j\u00e4tt\u00e4\u00e4 t\u00e4h\u00e4n, vaan on teht\u00e4v\u00e4 suunnitelma miten edet\u00e4\u00e4n, ett\u00e4 muutosta oikeasti saadaan aikaan.<\/span><span class=\"s2\"><br \/>\n<\/span><\/p>\n<p>&nbsp;<\/p>\n<p class=\"p1\"><span class=\"s1\"><strong>Hanna Laine<\/strong>,<br \/>\n<\/span>Sdp:n kansanedustajaehdokas Kangasalta<\/p>\n","protected":false},"excerpt":{"rendered":"<p>El\u00e4mme aikaa jossa meill\u00e4 on hyvinvoivia lapsia enemm\u00e4n kuin koskaan. Samaan aikaan lasten ja perheiden palveluihin my\u00f6s panostetaan taloudellisesti paljon. Kuitenkin osa lapsista voi todella huonosti ja tuntuu, ett\u00e4 heille ei l\u00f6ydy oikeaa paikkaa jossa apua tilanteeseen pystyt\u00e4\u00e4n tarjoamaan. Mik\u00e4 sitten on mennyt vikaan? Uskon itse, ett\u00e4 montakin asiaa.<\/p>\n","protected":false},"author":12,"featured_media":144,"comment_status":"open","ping_status":"open","sticky":false,"template":"","format":"standard","meta":[],"categories":[6,8],"tags":[7,9],"yoast_head":"<!-- This site is optimized with the Yoast SEO plugin v15.9 - https:\/\/yoast.com\/wordpress\/plugins\/seo\/ -->\n<title>Lasten pahoinvointiin on saatava apua ajoissa! &ndash; Juttuliiteri<\/title>\n<meta name=\"robots\" content=\"index, follow, max-snippet:-1, max-image-preview:large, max-video-preview:-1\" \/>\n<link rel=\"canonical\" href=\"http:\/\/ylojarvendemarit.fi\/blogi\/lasten-pahoinvointiin-on-saatava-apua-ajoissa\/\" \/>\n<meta property=\"og:locale\" content=\"fi_FI\" \/>\n<meta property=\"og:type\" content=\"article\" \/>\n<meta property=\"og:title\" content=\"Lasten pahoinvointiin on saatava apua ajoissa! &ndash; Juttuliiteri\" \/>\n<meta property=\"og:description\" content=\"El\u00e4mme aikaa jossa meill\u00e4 on hyvinvoivia lapsia enemm\u00e4n kuin koskaan. Samaan aikaan lasten ja perheiden palveluihin my\u00f6s panostetaan taloudellisesti paljon. Kuitenkin osa lapsista voi todella huonosti ja tuntuu, ett\u00e4 heille ei l\u00f6ydy oikeaa paikkaa jossa apua tilanteeseen pystyt\u00e4\u00e4n tarjoamaan. Mik\u00e4 sitten on mennyt vikaan? Uskon itse, ett\u00e4 montakin asiaa.\" \/>\n<meta property=\"og:url\" content=\"http:\/\/ylojarvendemarit.fi\/blogi\/lasten-pahoinvointiin-on-saatava-apua-ajoissa\/\" \/>\n<meta property=\"og:site_name\" content=\"Juttuliiteri\" \/>\n<meta property=\"article:publisher\" content=\"https:\/\/www.facebook.com\/Yl%c3%b6j%c3%a4rven-demarit-985780778136959\/\" \/>\n<meta property=\"article:published_time\" content=\"2019-03-06T10:22:01+00:00\" \/>\n<meta property=\"article:modified_time\" content=\"2019-03-06T10:22:27+00:00\" \/>\n<meta property=\"og:image\" content=\"http:\/\/ylojarvendemarit.fi\/blogi\/wp-content\/uploads\/2019\/03\/hanna-laine-koirat.jpg\" \/>\n\t<meta property=\"og:image:width\" content=\"2592\" \/>\n\t<meta property=\"og:image:height\" content=\"1936\" \/>\n<meta name=\"twitter:card\" content=\"summary_large_image\" \/>\n<meta name=\"twitter:label1\" content=\"Est. reading time\">\n\t<meta name=\"twitter:data1\" content=\"4 minuuttia\">\n<script type=\"application\/ld+json\" class=\"yoast-schema-graph\">{\"@context\":\"https:\/\/schema.org\",\"@graph\":[{\"@type\":\"WebSite\",\"@id\":\"http:\/\/ylojarvendemarit.fi\/blogi\/#website\",\"url\":\"http:\/\/ylojarvendemarit.fi\/blogi\/\",\"name\":\"Juttuliiteri\",\"description\":\"Demarien arjen ajatuksia\",\"potentialAction\":[{\"@type\":\"SearchAction\",\"target\":\"http:\/\/ylojarvendemarit.fi\/blogi\/?s={search_term_string}\",\"query-input\":\"required name=search_term_string\"}],\"inLanguage\":\"fi\"},{\"@type\":\"ImageObject\",\"@id\":\"http:\/\/ylojarvendemarit.fi\/blogi\/lasten-pahoinvointiin-on-saatava-apua-ajoissa\/#primaryimage\",\"inLanguage\":\"fi\",\"url\":\"http:\/\/ylojarvendemarit.fi\/blogi\/wp-content\/uploads\/2019\/03\/hanna-laine-koirat.jpg\",\"width\":2592,\"height\":1936,\"caption\":\"Hanna Laine ja Koirat\"},{\"@type\":\"WebPage\",\"@id\":\"http:\/\/ylojarvendemarit.fi\/blogi\/lasten-pahoinvointiin-on-saatava-apua-ajoissa\/#webpage\",\"url\":\"http:\/\/ylojarvendemarit.fi\/blogi\/lasten-pahoinvointiin-on-saatava-apua-ajoissa\/\",\"name\":\"Lasten pahoinvointiin on saatava apua ajoissa! &ndash; Juttuliiteri\",\"isPartOf\":{\"@id\":\"http:\/\/ylojarvendemarit.fi\/blogi\/#website\"},\"primaryImageOfPage\":{\"@id\":\"http:\/\/ylojarvendemarit.fi\/blogi\/lasten-pahoinvointiin-on-saatava-apua-ajoissa\/#primaryimage\"},\"datePublished\":\"2019-03-06T10:22:01+00:00\",\"dateModified\":\"2019-03-06T10:22:27+00:00\",\"author\":{\"@id\":\"http:\/\/ylojarvendemarit.fi\/blogi\/#\/schema\/person\/a8caa27a6e162085f5e53046cc6fde39\"},\"breadcrumb\":{\"@id\":\"http:\/\/ylojarvendemarit.fi\/blogi\/lasten-pahoinvointiin-on-saatava-apua-ajoissa\/#breadcrumb\"},\"inLanguage\":\"fi\",\"potentialAction\":[{\"@type\":\"ReadAction\",\"target\":[\"http:\/\/ylojarvendemarit.fi\/blogi\/lasten-pahoinvointiin-on-saatava-apua-ajoissa\/\"]}]},{\"@type\":\"BreadcrumbList\",\"@id\":\"http:\/\/ylojarvendemarit.fi\/blogi\/lasten-pahoinvointiin-on-saatava-apua-ajoissa\/#breadcrumb\",\"itemListElement\":[{\"@type\":\"ListItem\",\"position\":1,\"item\":{\"@type\":\"WebPage\",\"@id\":\"http:\/\/ylojarvendemarit.fi\/blogi\/\",\"url\":\"http:\/\/ylojarvendemarit.fi\/blogi\/\",\"name\":\"Home\"}},{\"@type\":\"ListItem\",\"position\":2,\"item\":{\"@type\":\"WebPage\",\"@id\":\"http:\/\/ylojarvendemarit.fi\/blogi\/lasten-pahoinvointiin-on-saatava-apua-ajoissa\/\",\"url\":\"http:\/\/ylojarvendemarit.fi\/blogi\/lasten-pahoinvointiin-on-saatava-apua-ajoissa\/\",\"name\":\"Lasten pahoinvointiin on saatava apua ajoissa!\"}}]},{\"@type\":\"Person\",\"@id\":\"http:\/\/ylojarvendemarit.fi\/blogi\/#\/schema\/person\/a8caa27a6e162085f5e53046cc6fde39\",\"name\":\"Hanna Laine\",\"image\":{\"@type\":\"ImageObject\",\"@id\":\"http:\/\/ylojarvendemarit.fi\/blogi\/#personlogo\",\"inLanguage\":\"fi\",\"url\":\"http:\/\/0.gravatar.com\/avatar\/0fa84fa7295590bb69e681ba756e882a?s=96&d=mm&r=g\",\"caption\":\"Hanna Laine\"}}]}<\/script>\n<!-- \/ Yoast SEO plugin. -->","_links":{"self":[{"href":"http:\/\/ylojarvendemarit.fi\/blogi\/wp-json\/wp\/v2\/posts\/143"}],"collection":[{"href":"http:\/\/ylojarvendemarit.fi\/blogi\/wp-json\/wp\/v2\/posts"}],"about":[{"href":"http:\/\/ylojarvendemarit.fi\/blogi\/wp-json\/wp\/v2\/types\/post"}],"author":[{"embeddable":true,"href":"http:\/\/ylojarvendemarit.fi\/blogi\/wp-json\/wp\/v2\/users\/12"}],"replies":[{"embeddable":true,"href":"http:\/\/ylojarvendemarit.fi\/blogi\/wp-json\/wp\/v2\/comments?post=143"}],"version-history":[{"count":2,"href":"http:\/\/ylojarvendemarit.fi\/blogi\/wp-json\/wp\/v2\/posts\/143\/revisions"}],"predecessor-version":[{"id":146,"href":"http:\/\/ylojarvendemarit.fi\/blogi\/wp-json\/wp\/v2\/posts\/143\/revisions\/146"}],"wp:featuredmedia":[{"embeddable":true,"href":"http:\/\/ylojarvendemarit.fi\/blogi\/wp-json\/wp\/v2\/media\/144"}],"wp:attachment":[{"href":"http:\/\/ylojarvendemarit.fi\/blogi\/wp-json\/wp\/v2\/media?parent=143"}],"wp:term":[{"taxonomy":"category","embeddable":true,"href":"http:\/\/ylojarvendemarit.fi\/blogi\/wp-json\/wp\/v2\/categories?post=143"},{"taxonomy":"post_tag","embeddable":true,"href":"http:\/\/ylojarvendemarit.fi\/blogi\/wp-json\/wp\/v2\/tags?post=143"}],"curies":[{"name":"wp","href":"https:\/\/api.w.org\/{rel}","templated":true}]}}