{"id":138,"date":"2019-02-06T10:00:59","date_gmt":"2019-02-06T08:00:59","guid":{"rendered":"http:\/\/ylojarvendemarit.fi\/blogi\/?p=138"},"modified":"2019-02-06T12:32:17","modified_gmt":"2019-02-06T10:32:17","slug":"juostaan-lastensuojelun-ongelmien-perassa","status":"publish","type":"post","link":"http:\/\/ylojarvendemarit.fi\/blogi\/juostaan-lastensuojelun-ongelmien-perassa\/","title":{"rendered":"Juostaan lastensuojelun ongelmien per\u00e4ss\u00e4"},"content":{"rendered":"<p>Tampere lis\u00e4si pahasti ruuhkautuneen lastensuojelun resursseja ja se onkin tarpeen. N\u00e4in on toimittu my\u00f6s Valkeakoskella ja Yl\u00f6j\u00e4rvell\u00e4. Resurssien lis\u00e4ykset menev\u00e4t t\u00e4ll\u00e4 hetkell\u00e4 sinne, miss\u00e4 on todellinen h\u00e4t\u00e4. My\u00f6s tiimimallien kehitt\u00e4minen sosiaalipalveluiden sis\u00e4ll\u00e4 ja systeemisen lastensuojelumallin eteenp\u00e4in vieminen tuovat todenn\u00e4k\u00f6isesti hyvi\u00e4 tuloksia pitk\u00e4ss\u00e4 juoksussa.<\/p>\n<p><!--more--><\/p>\n<p>T\u00e4m\u00e4 juoksu ei kuitenkaan yksin\u00e4\u00e4n riit\u00e4. Monessa Pirkanmaan kunnassa ollaan tilanteessa, miss\u00e4 tiedostetaan ennaltaehk\u00e4isev\u00e4n lasten suojelun merkitys yli hallintokuntien, mutta asialle ei pystyt\u00e4 tekem\u00e4\u00e4n mit\u00e4\u00e4n. Juostaan ongelmien per\u00e4ss\u00e4 sen mink\u00e4 pystyt\u00e4\u00e4n. Resurssit menev\u00e4t nyt sinne \u00e4\u00e4rip\u00e4\u00e4h\u00e4n, eli lastensuojeluun ja siit\u00e4 juuri pit\u00e4isi p\u00e4\u00e4st\u00e4 eroon. Toki aina tulee olemaan lapsia, joiden kuulukin olla lastensuojelun asiakkaita. Laivan k\u00e4\u00e4nt\u00e4minen ennaltaehk\u00e4isev\u00e4\u00e4n suuntaan p\u00e4in, ei ole mik\u00e4\u00e4n nopean toiminnan juttu. Lapsiperheet tarvitsevat suojelua, tukea, ja he tarvitsevat sit\u00e4 heti kun sille on tarve. Ei kuukausien p\u00e4\u00e4st\u00e4 siit\u00e4, kun tarve tulee ilmi.<\/p>\n<p>Neuvoloiden merkitys 80-luvulla oli hyvin merkitt\u00e4v\u00e4. Neuvoloiden kautta sai matalan kynnyksen tukea kotiin ja siihen k\u00e4ytettiin paljon resursseja. P\u00e4\u00e4osa n\u00e4ist\u00e4 resursseista meni kuitenkin 90-luvulla tulleen laman leikkuriin. Kotipalvelu on sosiaalihuoltolaissa ja sit\u00e4 on kunnan tarjottava lapsiperheille. Kun puhutaan lastemme ennaltaehk\u00e4isev\u00e4st\u00e4 ty\u00f6st\u00e4, niin jokainen ymm\u00e4rt\u00e4nee sen, ettei ennaltaehk\u00e4isy ala siit\u00e4 kun ongelmat tulevat ilmi. Nyt kuitenkin juoksemme ongelmien per\u00e4ss\u00e4, eik\u00e4 tilanne ole oikein kenell\u00e4k\u00e4\u00e4n hallussa. Resurssien panostukset menev\u00e4t pakon edess\u00e4 ongelmien selvitt\u00e4miseen ja pyrit\u00e4\u00e4n ratkaisemaan ongelmia siin\u00e4 vaiheessa kun ne ovat jo r\u00e4j\u00e4ht\u00e4neet silmille.<\/p>\n<p>Palaisin ajassa taaksep\u00e4in ja ottaisin v\u00e4litt\u00f6m\u00e4sti takaisin k\u00e4ytt\u00f6\u00f6n suunnitelmalliset neuvoloiden kotik\u00e4ynnit. Tulisi my\u00f6s laatia s\u00e4\u00e4d\u00f6s, ett\u00e4 neuvolasta teht\u00e4isiin kotipalvelun nimiss\u00e4 v\u00e4hint\u00e4\u00e4n kaksi kotik\u00e4ynti\u00e4 jokaiseen kotiin neuvolan asiakkuuden aikana. Ensimm\u00e4inen k\u00e4ynti olisi automaattisesti mahdollisimman pian lapsen syntym\u00e4n j\u00e4lkeen ja seuraava sovitusti perheen kanssa.<\/p>\n<p>T\u00e4m\u00e4n lis\u00e4ksi pit\u00e4isi kuntien palveluiden verkostot olla hyvin tiedossa kaikilla ja toki niiden pit\u00e4\u00e4 my\u00f6s toimia. Meid\u00e4n tulee luoda turvaverkko, jonka l\u00e4pi yksik\u00e4\u00e4n lapsiperhe ei mene l\u00e4pi. T\u00e4h\u00e4n tarvitsemme yhteiskunnan palveluita, lakia, virkamiehi\u00e4, p\u00e4\u00e4tt\u00e4ji\u00e4, kasvattajia, naapurin aikuisia ja yhteis\u00f6llisyytt\u00e4. T\u00e4ll\u00f6in meill\u00e4 olisi edes mahdollisuus kulkea ongelmien edell\u00e4 tai ainakin vierell\u00e4.<\/p>\n<p>&nbsp;<\/p>\n<p><strong>Joni Kumlander<\/strong><br \/>\nAsiakkuuskoordinaattori, sosiaali-ja perhepalvelut<br \/>\nSDP:n eduskuntavaaliehdokas, Valkeakoski, Pirkanmaa.<\/p>\n","protected":false},"excerpt":{"rendered":"<p>Tampere lis\u00e4si pahasti ruuhkautuneen lastensuojelun resursseja ja se onkin tarpeen. N\u00e4in on toimittu my\u00f6s Valkeakoskella ja Yl\u00f6j\u00e4rvell\u00e4. Resurssien lis\u00e4ykset menev\u00e4t t\u00e4ll\u00e4 hetkell\u00e4 sinne, miss\u00e4 on todellinen h\u00e4t\u00e4. My\u00f6s tiimimallien kehitt\u00e4minen sosiaalipalveluiden sis\u00e4ll\u00e4 ja systeemisen lastensuojelumallin eteenp\u00e4in vieminen tuovat todenn\u00e4k\u00f6isesti hyvi\u00e4 tuloksia pitk\u00e4ss\u00e4 juoksussa.<\/p>\n","protected":false},"author":11,"featured_media":139,"comment_status":"open","ping_status":"open","sticky":false,"template":"","format":"standard","meta":[],"categories":[6,8,10],"tags":[],"yoast_head":"<!-- This site is optimized with the Yoast SEO plugin v15.9 - https:\/\/yoast.com\/wordpress\/plugins\/seo\/ -->\n<title>Juostaan lastensuojelun ongelmien per\u00e4ss\u00e4 &ndash; Juttuliiteri<\/title>\n<meta name=\"robots\" content=\"index, follow, max-snippet:-1, max-image-preview:large, max-video-preview:-1\" \/>\n<link rel=\"canonical\" href=\"http:\/\/ylojarvendemarit.fi\/blogi\/juostaan-lastensuojelun-ongelmien-perassa\/\" \/>\n<meta property=\"og:locale\" content=\"fi_FI\" \/>\n<meta property=\"og:type\" content=\"article\" \/>\n<meta property=\"og:title\" content=\"Juostaan lastensuojelun ongelmien per\u00e4ss\u00e4 &ndash; Juttuliiteri\" \/>\n<meta property=\"og:description\" content=\"Tampere lis\u00e4si pahasti ruuhkautuneen lastensuojelun resursseja ja se onkin tarpeen. N\u00e4in on toimittu my\u00f6s Valkeakoskella ja Yl\u00f6j\u00e4rvell\u00e4. Resurssien lis\u00e4ykset menev\u00e4t t\u00e4ll\u00e4 hetkell\u00e4 sinne, miss\u00e4 on todellinen h\u00e4t\u00e4. My\u00f6s tiimimallien kehitt\u00e4minen sosiaalipalveluiden sis\u00e4ll\u00e4 ja systeemisen lastensuojelumallin eteenp\u00e4in vieminen tuovat todenn\u00e4k\u00f6isesti hyvi\u00e4 tuloksia pitk\u00e4ss\u00e4 juoksussa.\" \/>\n<meta property=\"og:url\" content=\"http:\/\/ylojarvendemarit.fi\/blogi\/juostaan-lastensuojelun-ongelmien-perassa\/\" \/>\n<meta property=\"og:site_name\" content=\"Juttuliiteri\" \/>\n<meta property=\"article:publisher\" content=\"https:\/\/www.facebook.com\/Yl%c3%b6j%c3%a4rven-demarit-985780778136959\/\" \/>\n<meta property=\"article:published_time\" content=\"2019-02-06T08:00:59+00:00\" \/>\n<meta property=\"article:modified_time\" content=\"2019-02-06T10:32:17+00:00\" \/>\n<meta property=\"og:image\" content=\"http:\/\/ylojarvendemarit.fi\/blogi\/wp-content\/uploads\/2019\/02\/Kuva.jpeg\" \/>\n\t<meta property=\"og:image:width\" content=\"1280\" \/>\n\t<meta property=\"og:image:height\" content=\"960\" \/>\n<meta name=\"twitter:card\" content=\"summary_large_image\" \/>\n<meta name=\"twitter:label1\" content=\"Est. reading time\">\n\t<meta name=\"twitter:data1\" content=\"2 minuuttia\">\n<script type=\"application\/ld+json\" class=\"yoast-schema-graph\">{\"@context\":\"https:\/\/schema.org\",\"@graph\":[{\"@type\":\"WebSite\",\"@id\":\"http:\/\/ylojarvendemarit.fi\/blogi\/#website\",\"url\":\"http:\/\/ylojarvendemarit.fi\/blogi\/\",\"name\":\"Juttuliiteri\",\"description\":\"Demarien arjen ajatuksia\",\"potentialAction\":[{\"@type\":\"SearchAction\",\"target\":\"http:\/\/ylojarvendemarit.fi\/blogi\/?s={search_term_string}\",\"query-input\":\"required name=search_term_string\"}],\"inLanguage\":\"fi\"},{\"@type\":\"ImageObject\",\"@id\":\"http:\/\/ylojarvendemarit.fi\/blogi\/juostaan-lastensuojelun-ongelmien-perassa\/#primaryimage\",\"inLanguage\":\"fi\",\"url\":\"http:\/\/ylojarvendemarit.fi\/blogi\/wp-content\/uploads\/2019\/02\/Kuva.jpeg\",\"width\":1280,\"height\":960},{\"@type\":\"WebPage\",\"@id\":\"http:\/\/ylojarvendemarit.fi\/blogi\/juostaan-lastensuojelun-ongelmien-perassa\/#webpage\",\"url\":\"http:\/\/ylojarvendemarit.fi\/blogi\/juostaan-lastensuojelun-ongelmien-perassa\/\",\"name\":\"Juostaan lastensuojelun ongelmien per\\u00e4ss\\u00e4 &ndash; Juttuliiteri\",\"isPartOf\":{\"@id\":\"http:\/\/ylojarvendemarit.fi\/blogi\/#website\"},\"primaryImageOfPage\":{\"@id\":\"http:\/\/ylojarvendemarit.fi\/blogi\/juostaan-lastensuojelun-ongelmien-perassa\/#primaryimage\"},\"datePublished\":\"2019-02-06T08:00:59+00:00\",\"dateModified\":\"2019-02-06T10:32:17+00:00\",\"author\":{\"@id\":\"http:\/\/ylojarvendemarit.fi\/blogi\/#\/schema\/person\/7d5536a868ede76527d9ac42f7f24fa8\"},\"breadcrumb\":{\"@id\":\"http:\/\/ylojarvendemarit.fi\/blogi\/juostaan-lastensuojelun-ongelmien-perassa\/#breadcrumb\"},\"inLanguage\":\"fi\",\"potentialAction\":[{\"@type\":\"ReadAction\",\"target\":[\"http:\/\/ylojarvendemarit.fi\/blogi\/juostaan-lastensuojelun-ongelmien-perassa\/\"]}]},{\"@type\":\"BreadcrumbList\",\"@id\":\"http:\/\/ylojarvendemarit.fi\/blogi\/juostaan-lastensuojelun-ongelmien-perassa\/#breadcrumb\",\"itemListElement\":[{\"@type\":\"ListItem\",\"position\":1,\"item\":{\"@type\":\"WebPage\",\"@id\":\"http:\/\/ylojarvendemarit.fi\/blogi\/\",\"url\":\"http:\/\/ylojarvendemarit.fi\/blogi\/\",\"name\":\"Home\"}},{\"@type\":\"ListItem\",\"position\":2,\"item\":{\"@type\":\"WebPage\",\"@id\":\"http:\/\/ylojarvendemarit.fi\/blogi\/juostaan-lastensuojelun-ongelmien-perassa\/\",\"url\":\"http:\/\/ylojarvendemarit.fi\/blogi\/juostaan-lastensuojelun-ongelmien-perassa\/\",\"name\":\"Juostaan lastensuojelun ongelmien per\\u00e4ss\\u00e4\"}}]},{\"@type\":\"Person\",\"@id\":\"http:\/\/ylojarvendemarit.fi\/blogi\/#\/schema\/person\/7d5536a868ede76527d9ac42f7f24fa8\",\"name\":\"Joni Kumlander\",\"image\":{\"@type\":\"ImageObject\",\"@id\":\"http:\/\/ylojarvendemarit.fi\/blogi\/#personlogo\",\"inLanguage\":\"fi\",\"url\":\"http:\/\/0.gravatar.com\/avatar\/08623e586a79bfea5cf96e012a965c55?s=96&d=mm&r=g\",\"caption\":\"Joni Kumlander\"}}]}<\/script>\n<!-- \/ Yoast SEO plugin. -->","_links":{"self":[{"href":"http:\/\/ylojarvendemarit.fi\/blogi\/wp-json\/wp\/v2\/posts\/138"}],"collection":[{"href":"http:\/\/ylojarvendemarit.fi\/blogi\/wp-json\/wp\/v2\/posts"}],"about":[{"href":"http:\/\/ylojarvendemarit.fi\/blogi\/wp-json\/wp\/v2\/types\/post"}],"author":[{"embeddable":true,"href":"http:\/\/ylojarvendemarit.fi\/blogi\/wp-json\/wp\/v2\/users\/11"}],"replies":[{"embeddable":true,"href":"http:\/\/ylojarvendemarit.fi\/blogi\/wp-json\/wp\/v2\/comments?post=138"}],"version-history":[{"count":2,"href":"http:\/\/ylojarvendemarit.fi\/blogi\/wp-json\/wp\/v2\/posts\/138\/revisions"}],"predecessor-version":[{"id":141,"href":"http:\/\/ylojarvendemarit.fi\/blogi\/wp-json\/wp\/v2\/posts\/138\/revisions\/141"}],"wp:featuredmedia":[{"embeddable":true,"href":"http:\/\/ylojarvendemarit.fi\/blogi\/wp-json\/wp\/v2\/media\/139"}],"wp:attachment":[{"href":"http:\/\/ylojarvendemarit.fi\/blogi\/wp-json\/wp\/v2\/media?parent=138"}],"wp:term":[{"taxonomy":"category","embeddable":true,"href":"http:\/\/ylojarvendemarit.fi\/blogi\/wp-json\/wp\/v2\/categories?post=138"},{"taxonomy":"post_tag","embeddable":true,"href":"http:\/\/ylojarvendemarit.fi\/blogi\/wp-json\/wp\/v2\/tags?post=138"}],"curies":[{"name":"wp","href":"https:\/\/api.w.org\/{rel}","templated":true}]}}