{"id":132,"date":"2019-02-01T09:00:55","date_gmt":"2019-02-01T07:00:55","guid":{"rendered":"http:\/\/ylojarvendemarit.fi\/blogi\/?p=132"},"modified":"2019-02-06T12:33:12","modified_gmt":"2019-02-06T10:33:12","slug":"olisiko-islannista-opittavaa","status":"publish","type":"post","link":"http:\/\/ylojarvendemarit.fi\/blogi\/olisiko-islannista-opittavaa\/","title":{"rendered":"Olisiko Islannista opittavaa?"},"content":{"rendered":"<p>Henrik Dettmann puuttui puheenvuorossaan Ylell\u00e4 17.1.2019 eritt\u00e4in t\u00e4rke\u00e4\u00e4n asiaan \u2013 lasten liikkumiseen ja siihen liittyv\u00e4\u00e4n kuskausrumbaan.<\/p>\n<p><!--more--><\/p>\n<p>On hienoa, ett\u00e4 keskustelu asiasta viri\u00e4\u00e4 nyt uudelleen urheiluihmisten kautta, sill\u00e4 ilmeisesti esimerkiksi SDP:n vaihtoehtobudjetin esitys ei saanut tarvittavaa huomiota aikaan. SDP nimitt\u00e4in esitti vaihtoehtobudjetissaan ns. suomalaista Islannin mallia. Islannissa on saatu nuorison hyvinvointia parannettua, lapsiperheiden arkea helpotettua ja lis\u00e4tty\u00e4 perheiden yhdess\u00e4 viett\u00e4m\u00e4\u00e4 aikaa yhdist\u00e4m\u00e4ll\u00e4 harrastukset entist\u00e4 tiiviimmin koulup\u00e4ivien yhteyteen. T\u00e4m\u00e4 voitaisiin saavuttaa kytkem\u00e4ll\u00e4 aamu- ja iltap\u00e4iv\u00e4toiminta nykyist\u00e4 laajempaan kerhotoimintaan, ja t\u00e4m\u00e4 ei todellakaan tarkoita ainoastaan urheiluharrastuksia, vaan toimisi ihan yht\u00e4 hyvin my\u00f6s muunlaisissa harrastuksissa musiikista kuvaamataitoon. T\u00e4h\u00e4n toimintaan voisi saada mukaan yhdistyksi\u00e4, seuroja ja j\u00e4rjest\u00f6j\u00e4, mutta toki koulup\u00e4ivist\u00e4 vastuu s\u00e4ilyisi edelleen kunnilla.<\/p>\n<p>Rahaa ja uudelleen organisointia t\u00e4m\u00e4 toki vaatii, mutta t\u00e4m\u00e4 olisi toteutuessaan my\u00f6s upea mahdollisuus. Islannissa on my\u00f6s jokaiselle lapselle tarjolla \u201daktiviteettikortti\u201d, joille on ladattuna rahaa harrastuksiin. T\u00e4ll\u00e4 panostuksella on saatu tuplattua ohjattuihin harrastuksiin osallistuvien lapsien m\u00e4\u00e4r\u00e4. T\u00e4m\u00e4 on my\u00f6s auttanut v\u00e4h\u00e4varaisia perheit\u00e4, sill\u00e4 t\u00e4ll\u00e4 keinolla voidaan mahdollistaa kaikkien lasten osallistuminen. Kokonaanhan t\u00e4m\u00e4 ei tietenk\u00e4\u00e4n kuskausrumbaa poista, ja edelleen tavoitteellinen harrastaminen vaatii enemm\u00e4n aikaa ja resursseja, mutta t\u00e4ll\u00e4 tavalla voitaisiin kuitenkin tarjota samat l\u00e4ht\u00f6kohdat kaikille lapsille ja kaikille mahdollisuus harrastaa. Nyt monet perheet kipuilevat korkeiden harrastusmaksujen kanssa, ja osa lapsista j\u00e4\u00e4 v\u00e4\u00e4j\u00e4\u00e4m\u00e4tt\u00e4 harrastusten ulkopuolelle.<\/p>\n<p>T\u00e4llaisen j\u00e4rjestelm\u00e4n kehitt\u00e4minen olisi mit\u00e4 suurimmassa m\u00e4\u00e4rin panostus ennaltaehk\u00e4isyyn \u2014 yksi l\u00e4\u00e4ke nuorten syrj\u00e4ytymiseen ja sijoitus tulevaisuuteen.<\/p>\n<p><strong>Taru Tolvanen<\/strong><br \/>\neduskuntavaaliehdokas, sd<br \/>\nPirkkala<\/p>\n","protected":false},"excerpt":{"rendered":"<p>Henrik Dettmann puuttui puheenvuorossaan Ylell\u00e4 17.1.2019 eritt\u00e4in t\u00e4rke\u00e4\u00e4n asiaan \u2013 lasten liikkumiseen ja siihen liittyv\u00e4\u00e4n kuskausrumbaan.<\/p>\n","protected":false},"author":10,"featured_media":133,"comment_status":"open","ping_status":"open","sticky":false,"template":"","format":"standard","meta":[],"categories":[6,10],"tags":[],"yoast_head":"<!-- This site is optimized with the Yoast SEO plugin v15.9 - https:\/\/yoast.com\/wordpress\/plugins\/seo\/ -->\n<title>Olisiko Islannista opittavaa? &ndash; Juttuliiteri<\/title>\n<meta name=\"robots\" content=\"index, follow, max-snippet:-1, max-image-preview:large, max-video-preview:-1\" \/>\n<link rel=\"canonical\" href=\"http:\/\/ylojarvendemarit.fi\/blogi\/olisiko-islannista-opittavaa\/\" \/>\n<meta property=\"og:locale\" content=\"fi_FI\" \/>\n<meta property=\"og:type\" content=\"article\" \/>\n<meta property=\"og:title\" content=\"Olisiko Islannista opittavaa? &ndash; Juttuliiteri\" \/>\n<meta property=\"og:description\" content=\"Henrik Dettmann puuttui puheenvuorossaan Ylell\u00e4 17.1.2019 eritt\u00e4in t\u00e4rke\u00e4\u00e4n asiaan \u2013 lasten liikkumiseen ja siihen liittyv\u00e4\u00e4n kuskausrumbaan.\" \/>\n<meta property=\"og:url\" content=\"http:\/\/ylojarvendemarit.fi\/blogi\/olisiko-islannista-opittavaa\/\" \/>\n<meta property=\"og:site_name\" content=\"Juttuliiteri\" \/>\n<meta property=\"article:publisher\" content=\"https:\/\/www.facebook.com\/Yl%c3%b6j%c3%a4rven-demarit-985780778136959\/\" \/>\n<meta property=\"article:published_time\" content=\"2019-02-01T07:00:55+00:00\" \/>\n<meta property=\"article:modified_time\" content=\"2019-02-06T10:33:12+00:00\" \/>\n<meta property=\"og:image\" content=\"http:\/\/ylojarvendemarit.fi\/blogi\/wp-content\/uploads\/2019\/01\/TaruTolvanen.jpeg\" \/>\n\t<meta property=\"og:image:width\" content=\"800\" \/>\n\t<meta property=\"og:image:height\" content=\"337\" \/>\n<meta name=\"twitter:card\" content=\"summary_large_image\" \/>\n<meta name=\"twitter:label1\" content=\"Est. reading time\">\n\t<meta name=\"twitter:data1\" content=\"1 minuutti\">\n<script type=\"application\/ld+json\" class=\"yoast-schema-graph\">{\"@context\":\"https:\/\/schema.org\",\"@graph\":[{\"@type\":\"WebSite\",\"@id\":\"http:\/\/ylojarvendemarit.fi\/blogi\/#website\",\"url\":\"http:\/\/ylojarvendemarit.fi\/blogi\/\",\"name\":\"Juttuliiteri\",\"description\":\"Demarien arjen ajatuksia\",\"potentialAction\":[{\"@type\":\"SearchAction\",\"target\":\"http:\/\/ylojarvendemarit.fi\/blogi\/?s={search_term_string}\",\"query-input\":\"required name=search_term_string\"}],\"inLanguage\":\"fi\"},{\"@type\":\"ImageObject\",\"@id\":\"http:\/\/ylojarvendemarit.fi\/blogi\/olisiko-islannista-opittavaa\/#primaryimage\",\"inLanguage\":\"fi\",\"url\":\"http:\/\/ylojarvendemarit.fi\/blogi\/wp-content\/uploads\/2019\/01\/TaruTolvanen.jpeg\",\"width\":800,\"height\":337,\"caption\":\"Taru Tolvanen\"},{\"@type\":\"WebPage\",\"@id\":\"http:\/\/ylojarvendemarit.fi\/blogi\/olisiko-islannista-opittavaa\/#webpage\",\"url\":\"http:\/\/ylojarvendemarit.fi\/blogi\/olisiko-islannista-opittavaa\/\",\"name\":\"Olisiko Islannista opittavaa? &ndash; Juttuliiteri\",\"isPartOf\":{\"@id\":\"http:\/\/ylojarvendemarit.fi\/blogi\/#website\"},\"primaryImageOfPage\":{\"@id\":\"http:\/\/ylojarvendemarit.fi\/blogi\/olisiko-islannista-opittavaa\/#primaryimage\"},\"datePublished\":\"2019-02-01T07:00:55+00:00\",\"dateModified\":\"2019-02-06T10:33:12+00:00\",\"author\":{\"@id\":\"http:\/\/ylojarvendemarit.fi\/blogi\/#\/schema\/person\/cddb6eb3cf4e24a460b6899ef2c15b50\"},\"breadcrumb\":{\"@id\":\"http:\/\/ylojarvendemarit.fi\/blogi\/olisiko-islannista-opittavaa\/#breadcrumb\"},\"inLanguage\":\"fi\",\"potentialAction\":[{\"@type\":\"ReadAction\",\"target\":[\"http:\/\/ylojarvendemarit.fi\/blogi\/olisiko-islannista-opittavaa\/\"]}]},{\"@type\":\"BreadcrumbList\",\"@id\":\"http:\/\/ylojarvendemarit.fi\/blogi\/olisiko-islannista-opittavaa\/#breadcrumb\",\"itemListElement\":[{\"@type\":\"ListItem\",\"position\":1,\"item\":{\"@type\":\"WebPage\",\"@id\":\"http:\/\/ylojarvendemarit.fi\/blogi\/\",\"url\":\"http:\/\/ylojarvendemarit.fi\/blogi\/\",\"name\":\"Home\"}},{\"@type\":\"ListItem\",\"position\":2,\"item\":{\"@type\":\"WebPage\",\"@id\":\"http:\/\/ylojarvendemarit.fi\/blogi\/olisiko-islannista-opittavaa\/\",\"url\":\"http:\/\/ylojarvendemarit.fi\/blogi\/olisiko-islannista-opittavaa\/\",\"name\":\"Olisiko Islannista opittavaa?\"}}]},{\"@type\":\"Person\",\"@id\":\"http:\/\/ylojarvendemarit.fi\/blogi\/#\/schema\/person\/cddb6eb3cf4e24a460b6899ef2c15b50\",\"name\":\"Taru Tolvanen\",\"image\":{\"@type\":\"ImageObject\",\"@id\":\"http:\/\/ylojarvendemarit.fi\/blogi\/#personlogo\",\"inLanguage\":\"fi\",\"url\":\"http:\/\/1.gravatar.com\/avatar\/d980d64cea7c52346c8f7af1de5e46e0?s=96&d=mm&r=g\",\"caption\":\"Taru Tolvanen\"}}]}<\/script>\n<!-- \/ Yoast SEO plugin. -->","_links":{"self":[{"href":"http:\/\/ylojarvendemarit.fi\/blogi\/wp-json\/wp\/v2\/posts\/132"}],"collection":[{"href":"http:\/\/ylojarvendemarit.fi\/blogi\/wp-json\/wp\/v2\/posts"}],"about":[{"href":"http:\/\/ylojarvendemarit.fi\/blogi\/wp-json\/wp\/v2\/types\/post"}],"author":[{"embeddable":true,"href":"http:\/\/ylojarvendemarit.fi\/blogi\/wp-json\/wp\/v2\/users\/10"}],"replies":[{"embeddable":true,"href":"http:\/\/ylojarvendemarit.fi\/blogi\/wp-json\/wp\/v2\/comments?post=132"}],"version-history":[{"count":5,"href":"http:\/\/ylojarvendemarit.fi\/blogi\/wp-json\/wp\/v2\/posts\/132\/revisions"}],"predecessor-version":[{"id":142,"href":"http:\/\/ylojarvendemarit.fi\/blogi\/wp-json\/wp\/v2\/posts\/132\/revisions\/142"}],"wp:featuredmedia":[{"embeddable":true,"href":"http:\/\/ylojarvendemarit.fi\/blogi\/wp-json\/wp\/v2\/media\/133"}],"wp:attachment":[{"href":"http:\/\/ylojarvendemarit.fi\/blogi\/wp-json\/wp\/v2\/media?parent=132"}],"wp:term":[{"taxonomy":"category","embeddable":true,"href":"http:\/\/ylojarvendemarit.fi\/blogi\/wp-json\/wp\/v2\/categories?post=132"},{"taxonomy":"post_tag","embeddable":true,"href":"http:\/\/ylojarvendemarit.fi\/blogi\/wp-json\/wp\/v2\/tags?post=132"}],"curies":[{"name":"wp","href":"https:\/\/api.w.org\/{rel}","templated":true}]}}