{"id":120,"date":"2019-01-21T10:56:38","date_gmt":"2019-01-21T08:56:38","guid":{"rendered":"http:\/\/ylojarvendemarit.fi\/blogi\/?p=120"},"modified":"2019-01-21T11:00:18","modified_gmt":"2019-01-21T09:00:18","slug":"paivi-lipponen-vieraili-tampereella-18-1-2019","status":"publish","type":"post","link":"http:\/\/ylojarvendemarit.fi\/blogi\/paivi-lipponen-vieraili-tampereella-18-1-2019\/","title":{"rendered":"P\u00c4IVI LIPPONEN VIERAILI TAMPEREELLA 18.1.2019"},"content":{"rendered":"<p><span style=\"font-size: 10pt;\">Teksti ja kuvat: Leena Mankkinen<\/span><\/p>\n<h2>Kansanedustaja Kaisa Hiilel\u00e4 muotokuva<\/h2>\n<p><span style=\"font-family: Arial, sans-serif;\"><span style=\"font-size: medium;\">Kaisa Hiilel\u00e4n muotokuvan luovutustilaisuudessa oli mukana my\u00f6s P\u00e4ivi Lipponen. Pirkanmaan Demarinaisten puheenjohtaja Tuula Pet\u00e4koski-Hult avasi tilaisuuden kertomalla Kaisa Hiilel\u00e4n (23.10.1891-4.4.1977) merkityksest\u00e4 tamperelaiselle ja suomalaiselle politiikalle.<\/span><\/span><\/p>\n<p><!--more--><\/p>\n<p><span style=\"font-family: Arial, sans-serif;\"><span style=\"font-size: medium;\">-Kaisa oli viidest\u00e4 sisaruksesta ainoa, joka p\u00e4\u00e4si kansakouluun. Sen j\u00e4lkeen h\u00e4n toimi kotiapulaisena. Hiilel\u00e4 kapusi Finlaysonin kehr\u00e4\u00e4m\u00f6n kutomoty\u00f6l\u00e4isest\u00e4 Paperity\u00f6ntekij\u00e4in liiton taloudenhoitajaksi ja liittotoimikunnan sihteeriksi.<\/span><\/span><\/p>\n<p><span style=\"font-family: Arial, sans-serif;\"><span style=\"font-size: medium;\">-Kansanedustajana Kaisa Hiilel\u00e4 toimi vuosina 1930 \u2013 1958. Kansanedustajana toimiessaan h\u00e4n oli monen eri valiokunnan j\u00e4sen ja oli my\u00f6s Suomen Pankin ja Valmet Oy:n tilintarkastaja.<\/span><\/span><\/p>\n<p><span style=\"font-family: Arial, sans-serif;\"><span style=\"font-size: medium;\">-Poliittisessa toiminnassa ja kansanedustajan ty\u00f6ss\u00e4 Kaisa Hiilel\u00e4n syd\u00e4nt\u00e4 l\u00e4hell\u00e4 olivat lasten, naisten ja perheiden hyvinvoinnin eteen teht\u00e4v\u00e4 ty\u00f6. H\u00e4n oli vaikuttamassa useihin lakeihin, jotka merkitsiv\u00e4t parannuksia vastasynnytt\u00e4neiden naisten ja lasten asemaan. My\u00f6s lastentarhaopettajakoulutuksen aloittaminen Tampereella oli h\u00e4nen ansiotaan.<\/span><\/span><\/p>\n<p><span style=\"font-family: Arial, sans-serif;\"><span style=\"font-size: medium;\">Muotokuvan on maalannut v. 1951 taidemaalari Hugo Eho, joka on palkittu Pro Finlandia -mitalilla vuonna 1956. Hiilel\u00e4n tyt\u00e4r Tytti Virkki lahjoitti muotokuvan Pirkanmaan Demarinaisille. Sijoituspaikaksi sovittiin yhdess\u00e4 Tampereen ty\u00f6v\u00e4enyhdistyksen kanssa Ty\u00f6v\u00e4entalo. Toiminnanjohtaja Pekka T Salmi totesi, ett\u00e4 taulu tulee osaksi ty\u00f6v\u00e4entalon taidekokoelmaa, mutta omistus s\u00e4ilyy Demarinaisilla.<\/span><\/span><\/p>\n<p>&nbsp;<\/p>\n<p><img loading=\"lazy\" class=\"alignnone size-full wp-image-121\" src=\"http:\/\/ylojarvendemarit.fi\/blogi\/wp-content\/uploads\/2019\/01\/Ihmisyyden-vuoksi.jpg\" alt=\"Ihmisyyden-vuoksi\" width=\"1459\" height=\"1589\" srcset=\"http:\/\/ylojarvendemarit.fi\/blogi\/wp-content\/uploads\/2019\/01\/Ihmisyyden-vuoksi.jpg 1459w, http:\/\/ylojarvendemarit.fi\/blogi\/wp-content\/uploads\/2019\/01\/Ihmisyyden-vuoksi-275x300.jpg 275w, http:\/\/ylojarvendemarit.fi\/blogi\/wp-content\/uploads\/2019\/01\/Ihmisyyden-vuoksi-768x836.jpg 768w, http:\/\/ylojarvendemarit.fi\/blogi\/wp-content\/uploads\/2019\/01\/Ihmisyyden-vuoksi-940x1024.jpg 940w\" sizes=\"(max-width: 1459px) 100vw, 1459px\" \/><\/p>\n<h2>P\u00e4ivi Lipposen uutuuskirja Ihmisyyden vuoksi<\/h2>\n<p><span style=\"font-family: Arial, sans-serif;\"><span style=\"font-size: medium;\">Aika moni muotokuvan luovutustilaisuudessa mukana ollut suunnisti ty\u00f6v\u00e4entalolta suoraan ty\u00f6v\u00e4enopisto Sampolaan, miss\u00e4 j\u00e4rjestettiin P\u00e4ivi Lipposen esikoisromaanin esittely. Aiemmin tietokirjoja kirjoittanut historianopettaja, fil.tri P\u00e4ivi Lipponen halusi poliitikkouransa j\u00e4lkeen saada el\u00e4m\u00e4lleen uuden suunnan. Niinp\u00e4 h\u00e4n p\u00e4\u00e4tyi kirjoittamaan yli 400-sivuisen, historian tapahtumia seuraavan romaanin. Tampereella matkassa mukana oli kirjallinen tuottaja Lari M\u00e4kel\u00e4 WSOY:st\u00e4. Heid\u00e4n debattinsa kirjan syntyvaiheista oli mielenkiintoista kuunneltavaa ja her\u00e4tti paljon keskustelua mm. pahuudesta ja siit\u00e4 miten totalitaristiset liikkeet voivat helposti kaapata valtion, kun anarkia p\u00e4\u00e4see valloilleen.<\/span><\/span><\/p>\n<p><span style=\"font-family: Arial, sans-serif;\"><span style=\"font-size: medium;\">Romaani on faktafiktiota; sen tapahtumat, ihmiskohtalot ja suuri osa repliikeist\u00e4 viittaavat dokumentoituihin aineistoihin, siksi kirja on mielest\u00e4ni enemm\u00e4n kuin romaani. Tapahtumat ulottuvat sis\u00e4llisodasta aina Berliiniin 2011 asti. <\/span><\/span><\/p>\n<p><span style=\"font-family: Arial, sans-serif;\"><span style=\"font-size: medium;\">Takakannen esittely: \u201dRomaani vie lukijan Euroopan suurten murrosten, aatteiden ylivallan ja maailmanpalon vuosiin 1917-1945. Romaani k\u00e4sittelee \u00e4\u00e4rimm\u00e4ist\u00e4 aihetta: hiljaista sopeutumista v\u00e4hitt\u00e4iseen kehitykseen, joka johtaa lopulta rikoksiin ihmiskuntaa vastaan.\u201d<\/span><\/span><\/p>\n<p>&nbsp;<\/p>\n<p class=\"p3\"><span class=\"s1\"><strong>Leena Mankkinen<\/strong><br \/>\n<\/span><span class=\"s1\">TUL liittovaltuuston j\u00e4sen<br \/>\n<\/span><span class=\"s1\">sdp:n kansanedustajaehdokas<br \/>\n<\/span><span class=\"s1\">Yl\u00f6j\u00e4rvi<\/span><\/p>\n","protected":false},"excerpt":{"rendered":"<p>Teksti ja kuvat: Leena Mankkinen Kansanedustaja Kaisa Hiilel\u00e4 muotokuva Kaisa Hiilel\u00e4n muotokuvan luovutustilaisuudessa oli mukana my\u00f6s P\u00e4ivi Lipponen. Pirkanmaan Demarinaisten puheenjohtaja Tuula Pet\u00e4koski-Hult avasi tilaisuuden kertomalla Kaisa Hiilel\u00e4n (23.10.1891-4.4.1977) merkityksest\u00e4 tamperelaiselle ja suomalaiselle politiikalle.<\/p>\n","protected":false},"author":6,"featured_media":122,"comment_status":"open","ping_status":"open","sticky":false,"template":"","format":"standard","meta":[],"categories":[10,1],"tags":[13],"yoast_head":"<!-- This site is optimized with the Yoast SEO plugin v15.9 - https:\/\/yoast.com\/wordpress\/plugins\/seo\/ -->\n<title>P\u00c4IVI LIPPONEN VIERAILI TAMPEREELLA 18.1.2019 &ndash; Juttuliiteri<\/title>\n<meta name=\"description\" content=\"Kaisa Hiilel\u00e4n muotokuvan luovutustilaisuudessa oli mukana my\u00f6s P\u00e4ivi Lipponen. Pirkanmaan Demarinaisten puheenjohtaja Tuula Pet\u00e4koski-Hult avasi tilaisuuden.\" \/>\n<meta name=\"robots\" content=\"index, follow, max-snippet:-1, max-image-preview:large, max-video-preview:-1\" \/>\n<link rel=\"canonical\" href=\"http:\/\/ylojarvendemarit.fi\/blogi\/paivi-lipponen-vieraili-tampereella-18-1-2019\/\" \/>\n<meta property=\"og:locale\" content=\"fi_FI\" \/>\n<meta property=\"og:type\" content=\"article\" \/>\n<meta property=\"og:title\" content=\"P\u00c4IVI LIPPONEN VIERAILI TAMPEREELLA 18.1.2019 &ndash; Juttuliiteri\" \/>\n<meta property=\"og:description\" content=\"Kaisa Hiilel\u00e4n muotokuvan luovutustilaisuudessa oli mukana my\u00f6s P\u00e4ivi Lipponen. Pirkanmaan Demarinaisten puheenjohtaja Tuula Pet\u00e4koski-Hult avasi tilaisuuden.\" \/>\n<meta property=\"og:url\" content=\"http:\/\/ylojarvendemarit.fi\/blogi\/paivi-lipponen-vieraili-tampereella-18-1-2019\/\" \/>\n<meta property=\"og:site_name\" content=\"Juttuliiteri\" \/>\n<meta property=\"article:publisher\" content=\"https:\/\/www.facebook.com\/Yl%c3%b6j%c3%a4rven-demarit-985780778136959\/\" \/>\n<meta property=\"article:published_time\" content=\"2019-01-21T08:56:38+00:00\" \/>\n<meta property=\"article:modified_time\" content=\"2019-01-21T09:00:18+00:00\" \/>\n<meta property=\"og:image\" content=\"http:\/\/ylojarvendemarit.fi\/blogi\/wp-content\/uploads\/2019\/01\/Lipponen-Petakoski-Hult-ja-Salmi.jpg\" \/>\n\t<meta property=\"og:image:width\" content=\"1748\" \/>\n\t<meta property=\"og:image:height\" content=\"2667\" \/>\n<meta name=\"twitter:card\" content=\"summary_large_image\" \/>\n<meta name=\"twitter:label1\" content=\"Est. reading time\">\n\t<meta name=\"twitter:data1\" content=\"2 minuuttia\">\n<script type=\"application\/ld+json\" class=\"yoast-schema-graph\">{\"@context\":\"https:\/\/schema.org\",\"@graph\":[{\"@type\":\"WebSite\",\"@id\":\"http:\/\/ylojarvendemarit.fi\/blogi\/#website\",\"url\":\"http:\/\/ylojarvendemarit.fi\/blogi\/\",\"name\":\"Juttuliiteri\",\"description\":\"Demarien arjen ajatuksia\",\"potentialAction\":[{\"@type\":\"SearchAction\",\"target\":\"http:\/\/ylojarvendemarit.fi\/blogi\/?s={search_term_string}\",\"query-input\":\"required name=search_term_string\"}],\"inLanguage\":\"fi\"},{\"@type\":\"ImageObject\",\"@id\":\"http:\/\/ylojarvendemarit.fi\/blogi\/paivi-lipponen-vieraili-tampereella-18-1-2019\/#primaryimage\",\"inLanguage\":\"fi\",\"url\":\"http:\/\/ylojarvendemarit.fi\/blogi\/wp-content\/uploads\/2019\/01\/Lipponen-Petakoski-Hult-ja-Salmi.jpg\",\"width\":1748,\"height\":2667,\"caption\":\"Lipponen-Petakoski-Hult-ja-Salmi\"},{\"@type\":\"WebPage\",\"@id\":\"http:\/\/ylojarvendemarit.fi\/blogi\/paivi-lipponen-vieraili-tampereella-18-1-2019\/#webpage\",\"url\":\"http:\/\/ylojarvendemarit.fi\/blogi\/paivi-lipponen-vieraili-tampereella-18-1-2019\/\",\"name\":\"P\\u00c4IVI LIPPONEN VIERAILI TAMPEREELLA 18.1.2019 &ndash; Juttuliiteri\",\"isPartOf\":{\"@id\":\"http:\/\/ylojarvendemarit.fi\/blogi\/#website\"},\"primaryImageOfPage\":{\"@id\":\"http:\/\/ylojarvendemarit.fi\/blogi\/paivi-lipponen-vieraili-tampereella-18-1-2019\/#primaryimage\"},\"datePublished\":\"2019-01-21T08:56:38+00:00\",\"dateModified\":\"2019-01-21T09:00:18+00:00\",\"author\":{\"@id\":\"http:\/\/ylojarvendemarit.fi\/blogi\/#\/schema\/person\/4771ca158294b6a3b047d8c984ffd374\"},\"description\":\"Kaisa Hiilel\\u00e4n muotokuvan luovutustilaisuudessa oli mukana my\\u00f6s P\\u00e4ivi Lipponen. Pirkanmaan Demarinaisten puheenjohtaja Tuula Pet\\u00e4koski-Hult avasi tilaisuuden.\",\"breadcrumb\":{\"@id\":\"http:\/\/ylojarvendemarit.fi\/blogi\/paivi-lipponen-vieraili-tampereella-18-1-2019\/#breadcrumb\"},\"inLanguage\":\"fi\",\"potentialAction\":[{\"@type\":\"ReadAction\",\"target\":[\"http:\/\/ylojarvendemarit.fi\/blogi\/paivi-lipponen-vieraili-tampereella-18-1-2019\/\"]}]},{\"@type\":\"BreadcrumbList\",\"@id\":\"http:\/\/ylojarvendemarit.fi\/blogi\/paivi-lipponen-vieraili-tampereella-18-1-2019\/#breadcrumb\",\"itemListElement\":[{\"@type\":\"ListItem\",\"position\":1,\"item\":{\"@type\":\"WebPage\",\"@id\":\"http:\/\/ylojarvendemarit.fi\/blogi\/\",\"url\":\"http:\/\/ylojarvendemarit.fi\/blogi\/\",\"name\":\"Home\"}},{\"@type\":\"ListItem\",\"position\":2,\"item\":{\"@type\":\"WebPage\",\"@id\":\"http:\/\/ylojarvendemarit.fi\/blogi\/paivi-lipponen-vieraili-tampereella-18-1-2019\/\",\"url\":\"http:\/\/ylojarvendemarit.fi\/blogi\/paivi-lipponen-vieraili-tampereella-18-1-2019\/\",\"name\":\"P\\u00c4IVI LIPPONEN VIERAILI TAMPEREELLA 18.1.2019\"}}]},{\"@type\":\"Person\",\"@id\":\"http:\/\/ylojarvendemarit.fi\/blogi\/#\/schema\/person\/4771ca158294b6a3b047d8c984ffd374\",\"name\":\"Leena Mankkinen\",\"image\":{\"@type\":\"ImageObject\",\"@id\":\"http:\/\/ylojarvendemarit.fi\/blogi\/#personlogo\",\"inLanguage\":\"fi\",\"url\":\"http:\/\/2.gravatar.com\/avatar\/bd91e63eb3985aa1979ebe004abb8367?s=96&d=mm&r=g\",\"caption\":\"Leena Mankkinen\"}}]}<\/script>\n<!-- \/ Yoast SEO plugin. -->","_links":{"self":[{"href":"http:\/\/ylojarvendemarit.fi\/blogi\/wp-json\/wp\/v2\/posts\/120"}],"collection":[{"href":"http:\/\/ylojarvendemarit.fi\/blogi\/wp-json\/wp\/v2\/posts"}],"about":[{"href":"http:\/\/ylojarvendemarit.fi\/blogi\/wp-json\/wp\/v2\/types\/post"}],"author":[{"embeddable":true,"href":"http:\/\/ylojarvendemarit.fi\/blogi\/wp-json\/wp\/v2\/users\/6"}],"replies":[{"embeddable":true,"href":"http:\/\/ylojarvendemarit.fi\/blogi\/wp-json\/wp\/v2\/comments?post=120"}],"version-history":[{"count":6,"href":"http:\/\/ylojarvendemarit.fi\/blogi\/wp-json\/wp\/v2\/posts\/120\/revisions"}],"predecessor-version":[{"id":128,"href":"http:\/\/ylojarvendemarit.fi\/blogi\/wp-json\/wp\/v2\/posts\/120\/revisions\/128"}],"wp:featuredmedia":[{"embeddable":true,"href":"http:\/\/ylojarvendemarit.fi\/blogi\/wp-json\/wp\/v2\/media\/122"}],"wp:attachment":[{"href":"http:\/\/ylojarvendemarit.fi\/blogi\/wp-json\/wp\/v2\/media?parent=120"}],"wp:term":[{"taxonomy":"category","embeddable":true,"href":"http:\/\/ylojarvendemarit.fi\/blogi\/wp-json\/wp\/v2\/categories?post=120"},{"taxonomy":"post_tag","embeddable":true,"href":"http:\/\/ylojarvendemarit.fi\/blogi\/wp-json\/wp\/v2\/tags?post=120"}],"curies":[{"name":"wp","href":"https:\/\/api.w.org\/{rel}","templated":true}]}}