{"id":116,"date":"2019-01-08T11:26:03","date_gmt":"2019-01-08T09:26:03","guid":{"rendered":"http:\/\/ylojarvendemarit.fi\/blogi\/?p=116"},"modified":"2019-01-21T12:58:21","modified_gmt":"2019-01-21T10:58:21","slug":"uusi-vuosi-on-vaalivuosi","status":"publish","type":"post","link":"http:\/\/ylojarvendemarit.fi\/blogi\/uusi-vuosi-on-vaalivuosi\/","title":{"rendered":"Uusi vuosi on vaalivuosi!"},"content":{"rendered":"<p>Uuden vuoden vaihtuessa on tapana tehd\u00e4 lupauksia, jotka useimmiten liittyv\u00e4t henkil\u00f6kohtaisen hyvinvoinnin kohentamiseen tai l\u00e4himm\u00e4isten parempaan huomioimiseen. Helsingin Sanomat selvitti (HS 30.12.18), mit\u00e4 puoluejohtajat aikovat luvata vaalivuodelle.<\/p>\n<p><!--more--><\/p>\n<p>Hallituspuolueiden edustajat lupasivat ty\u00f6llisyysasteen nostamista ja sosiaaliturvauudistusta (Petteri Orpo, kok.), turvallisuutta ja hyv\u00e4\u00e4 el\u00e4m\u00e4\u00e4 (Sampo Terho, sin.) sek\u00e4 ratkaisukeskeist\u00e4 politiikkaa (Juha Sipil\u00e4, kesk.). Oppositiosta luvattiin puolestaan tulevaisuusinvestointeja osaamiseen ja koulutukseen ja paremmin valmisteltua p\u00e4\u00e4t\u00f6ksentekoa (Antti Rinne, sd.), tulevaisuudesta puhumista (Li Andersson, vas.) ja ilmastonl\u00e4mpenemisen pys\u00e4ytt\u00e4mist\u00e4 (Pekka Haavisto, vihr.). Olisitko pystynyt p\u00e4\u00e4ttelem\u00e4\u00e4n, mitk\u00e4 lupaukset tehtiin nykyisest\u00e4 hallitusvastuun ja mitk\u00e4 opposition n\u00e4k\u00f6kulmasta?<\/p>\n<p>Lupausten perusteella n\u00e4ytt\u00e4isi silt\u00e4, ett\u00e4 hallitusyhteisty\u00f6 saattaisi onnistua l\u00e4hes kaikilla kombinaatioilla, vaikkakin perussuomalaisten Jussi Halla-ahon k\u00e4ytt\u00e4m\u00e4 termi \u201dturvapaikkaj\u00e4rjestelm\u00e4n hyv\u00e4ksik\u00e4ytt\u00f6 sosiaaliturvasiirtolaisuuden v\u00e4yl\u00e4n\u00e4\u201d ei ehk\u00e4 sopisi monenkaan muun puolueen suuhun. Ehk\u00e4 kohtuullinen samanmielisyys tulevaisuudesta ja lupauksista on t\u00e4ss\u00e4 vaiheessa hyv\u00e4ksikin. Se kertoo suomalaiseen politiikkaan kuuluvasta yhteisty\u00f6n hengest\u00e4 vastakkainasettelujen sijaan. Alkukev\u00e4\u00e4n\u00e4 n\u00e4hd\u00e4\u00e4n, sis\u00e4ltyv\u00e4tk\u00f6 n\u00e4m\u00e4 lupaukset puolueiden vaaliohjelmiin. Hyv\u00e4 olisi, sill\u00e4 kuten Helsingin Sanomien jutussa todetaan, ihmiset odottavat ett\u00e4 lupauksista pidet\u00e4\u00e4n kiinni, koska se on reilua ja moraalisesti oikein. Tosin poliitikkojen lupausten pit\u00e4vyytt\u00e4 harva odottaa.<\/p>\n<p>Olen ehdokkaana kev\u00e4\u00e4n eduskuntavaaleissa ja taidanpa antaa lupauksen min\u00e4kin siihen liittyen. Lupaan vaalikamppailussa tehd\u00e4 yhteisty\u00f6t\u00e4 koko ehdokaslistan puolesta ja kaikkien ehdokkaiden kanssa. Jokaisen ehdokkaan saama \u00e4\u00e4ni hy\u00f6dytt\u00e4\u00e4 kaikkia ehdokkaita! Lupaan my\u00f6s, ett\u00e4 en l\u00e4hde loanheittoon muiden puolueiden ehdokkaiden suuntaan, demokratiaan kuuluu moni\u00e4\u00e4nisyys vaikka asioista voidaankin olla eri mielt\u00e4. Ja viel\u00e4 viimeiseksi lupaan olla oma itseni ja kuunnella ihmisi\u00e4 heit\u00e4 mietitytt\u00e4viss\u00e4 asioissa ja nostaa esiin nuorten, lasten ja perheiden asioita ja kaikkien oikeutta ihmisarvoiseen el\u00e4m\u00e4\u00e4n.<\/p>\n<p>Hyv\u00e4\u00e4 Uutta Vuotta!<\/p>\n<p><strong>Maria P\u00e4iv\u00e4nen<\/strong><br \/>\nKansanedustajaehdokas SDP Lemp\u00e4\u00e4l\u00e4st\u00e4<\/p>\n<p>Lue lis\u00e4\u00e4 Mariasta : <a href=\"http:\/\/www.mariapaivanen.fi\">www.mariapaivanen.fi<\/a><\/p>\n","protected":false},"excerpt":{"rendered":"<p>Uuden vuoden vaihtuessa on tapana tehd\u00e4 lupauksia, jotka useimmiten liittyv\u00e4t henkil\u00f6kohtaisen hyvinvoinnin kohentamiseen tai l\u00e4himm\u00e4isten parempaan huomioimiseen. Helsingin Sanomat selvitti (HS 30.12.18), mit\u00e4 puoluejohtajat aikovat luvata vaalivuodelle.<\/p>\n","protected":false},"author":8,"featured_media":117,"comment_status":"open","ping_status":"open","sticky":false,"template":"","format":"standard","meta":[],"categories":[6,10],"tags":[],"yoast_head":"<!-- This site is optimized with the Yoast SEO plugin v15.9 - https:\/\/yoast.com\/wordpress\/plugins\/seo\/ -->\n<title>Uusi vuosi on vaalivuosi! &ndash; Juttuliiteri<\/title>\n<meta name=\"robots\" content=\"index, follow, max-snippet:-1, max-image-preview:large, max-video-preview:-1\" \/>\n<link rel=\"canonical\" href=\"http:\/\/ylojarvendemarit.fi\/blogi\/uusi-vuosi-on-vaalivuosi\/\" \/>\n<meta property=\"og:locale\" content=\"fi_FI\" \/>\n<meta property=\"og:type\" content=\"article\" \/>\n<meta property=\"og:title\" content=\"Uusi vuosi on vaalivuosi! &ndash; Juttuliiteri\" \/>\n<meta property=\"og:description\" content=\"Uuden vuoden vaihtuessa on tapana tehd\u00e4 lupauksia, jotka useimmiten liittyv\u00e4t henkil\u00f6kohtaisen hyvinvoinnin kohentamiseen tai l\u00e4himm\u00e4isten parempaan huomioimiseen. Helsingin Sanomat selvitti (HS 30.12.18), mit\u00e4 puoluejohtajat aikovat luvata vaalivuodelle.\" \/>\n<meta property=\"og:url\" content=\"http:\/\/ylojarvendemarit.fi\/blogi\/uusi-vuosi-on-vaalivuosi\/\" \/>\n<meta property=\"og:site_name\" content=\"Juttuliiteri\" \/>\n<meta property=\"article:publisher\" content=\"https:\/\/www.facebook.com\/Yl%c3%b6j%c3%a4rven-demarit-985780778136959\/\" \/>\n<meta property=\"article:published_time\" content=\"2019-01-08T09:26:03+00:00\" \/>\n<meta property=\"article:modified_time\" content=\"2019-01-21T10:58:21+00:00\" \/>\n<meta property=\"og:image\" content=\"http:\/\/ylojarvendemarit.fi\/blogi\/wp-content\/uploads\/2019\/01\/i283163839611489552._szw3000h2000_.jpg\" \/>\n\t<meta property=\"og:image:width\" content=\"3000\" \/>\n\t<meta property=\"og:image:height\" content=\"2000\" \/>\n<meta name=\"twitter:card\" content=\"summary_large_image\" \/>\n<meta name=\"twitter:label1\" content=\"Est. reading time\">\n\t<meta name=\"twitter:data1\" content=\"2 minuuttia\">\n<script type=\"application\/ld+json\" class=\"yoast-schema-graph\">{\"@context\":\"https:\/\/schema.org\",\"@graph\":[{\"@type\":\"WebSite\",\"@id\":\"http:\/\/ylojarvendemarit.fi\/blogi\/#website\",\"url\":\"http:\/\/ylojarvendemarit.fi\/blogi\/\",\"name\":\"Juttuliiteri\",\"description\":\"Demarien arjen ajatuksia\",\"potentialAction\":[{\"@type\":\"SearchAction\",\"target\":\"http:\/\/ylojarvendemarit.fi\/blogi\/?s={search_term_string}\",\"query-input\":\"required name=search_term_string\"}],\"inLanguage\":\"fi\"},{\"@type\":\"ImageObject\",\"@id\":\"http:\/\/ylojarvendemarit.fi\/blogi\/uusi-vuosi-on-vaalivuosi\/#primaryimage\",\"inLanguage\":\"fi\",\"url\":\"http:\/\/ylojarvendemarit.fi\/blogi\/wp-content\/uploads\/2019\/01\/i283163839611489552._szw3000h2000_.jpg\",\"width\":3000,\"height\":2000,\"caption\":\"Maria P\\u00e4iv\\u00e4nen\"},{\"@type\":\"WebPage\",\"@id\":\"http:\/\/ylojarvendemarit.fi\/blogi\/uusi-vuosi-on-vaalivuosi\/#webpage\",\"url\":\"http:\/\/ylojarvendemarit.fi\/blogi\/uusi-vuosi-on-vaalivuosi\/\",\"name\":\"Uusi vuosi on vaalivuosi! &ndash; Juttuliiteri\",\"isPartOf\":{\"@id\":\"http:\/\/ylojarvendemarit.fi\/blogi\/#website\"},\"primaryImageOfPage\":{\"@id\":\"http:\/\/ylojarvendemarit.fi\/blogi\/uusi-vuosi-on-vaalivuosi\/#primaryimage\"},\"datePublished\":\"2019-01-08T09:26:03+00:00\",\"dateModified\":\"2019-01-21T10:58:21+00:00\",\"author\":{\"@id\":\"http:\/\/ylojarvendemarit.fi\/blogi\/#\/schema\/person\/f9378f8e0d0c8db31f6eaeee899c73a5\"},\"breadcrumb\":{\"@id\":\"http:\/\/ylojarvendemarit.fi\/blogi\/uusi-vuosi-on-vaalivuosi\/#breadcrumb\"},\"inLanguage\":\"fi\",\"potentialAction\":[{\"@type\":\"ReadAction\",\"target\":[\"http:\/\/ylojarvendemarit.fi\/blogi\/uusi-vuosi-on-vaalivuosi\/\"]}]},{\"@type\":\"BreadcrumbList\",\"@id\":\"http:\/\/ylojarvendemarit.fi\/blogi\/uusi-vuosi-on-vaalivuosi\/#breadcrumb\",\"itemListElement\":[{\"@type\":\"ListItem\",\"position\":1,\"item\":{\"@type\":\"WebPage\",\"@id\":\"http:\/\/ylojarvendemarit.fi\/blogi\/\",\"url\":\"http:\/\/ylojarvendemarit.fi\/blogi\/\",\"name\":\"Home\"}},{\"@type\":\"ListItem\",\"position\":2,\"item\":{\"@type\":\"WebPage\",\"@id\":\"http:\/\/ylojarvendemarit.fi\/blogi\/uusi-vuosi-on-vaalivuosi\/\",\"url\":\"http:\/\/ylojarvendemarit.fi\/blogi\/uusi-vuosi-on-vaalivuosi\/\",\"name\":\"Uusi vuosi on vaalivuosi!\"}}]},{\"@type\":\"Person\",\"@id\":\"http:\/\/ylojarvendemarit.fi\/blogi\/#\/schema\/person\/f9378f8e0d0c8db31f6eaeee899c73a5\",\"name\":\"Maria P\\u00e4iv\\u00e4nen\",\"image\":{\"@type\":\"ImageObject\",\"@id\":\"http:\/\/ylojarvendemarit.fi\/blogi\/#personlogo\",\"inLanguage\":\"fi\",\"url\":\"http:\/\/0.gravatar.com\/avatar\/c452b8a22a0dbc56ba16db82eed72f4c?s=96&d=mm&r=g\",\"caption\":\"Maria P\\u00e4iv\\u00e4nen\"}}]}<\/script>\n<!-- \/ Yoast SEO plugin. -->","_links":{"self":[{"href":"http:\/\/ylojarvendemarit.fi\/blogi\/wp-json\/wp\/v2\/posts\/116"}],"collection":[{"href":"http:\/\/ylojarvendemarit.fi\/blogi\/wp-json\/wp\/v2\/posts"}],"about":[{"href":"http:\/\/ylojarvendemarit.fi\/blogi\/wp-json\/wp\/v2\/types\/post"}],"author":[{"embeddable":true,"href":"http:\/\/ylojarvendemarit.fi\/blogi\/wp-json\/wp\/v2\/users\/8"}],"replies":[{"embeddable":true,"href":"http:\/\/ylojarvendemarit.fi\/blogi\/wp-json\/wp\/v2\/comments?post=116"}],"version-history":[{"count":2,"href":"http:\/\/ylojarvendemarit.fi\/blogi\/wp-json\/wp\/v2\/posts\/116\/revisions"}],"predecessor-version":[{"id":119,"href":"http:\/\/ylojarvendemarit.fi\/blogi\/wp-json\/wp\/v2\/posts\/116\/revisions\/119"}],"wp:featuredmedia":[{"embeddable":true,"href":"http:\/\/ylojarvendemarit.fi\/blogi\/wp-json\/wp\/v2\/media\/117"}],"wp:attachment":[{"href":"http:\/\/ylojarvendemarit.fi\/blogi\/wp-json\/wp\/v2\/media?parent=116"}],"wp:term":[{"taxonomy":"category","embeddable":true,"href":"http:\/\/ylojarvendemarit.fi\/blogi\/wp-json\/wp\/v2\/categories?post=116"},{"taxonomy":"post_tag","embeddable":true,"href":"http:\/\/ylojarvendemarit.fi\/blogi\/wp-json\/wp\/v2\/tags?post=116"}],"curies":[{"name":"wp","href":"https:\/\/api.w.org\/{rel}","templated":true}]}}